{"id":176636,"date":"2021-04-09T22:28:45","date_gmt":"2021-04-09T20:28:45","guid":{"rendered":"https:\/\/zjarr.tv\/?p=176636"},"modified":"2021-04-09T22:37:15","modified_gmt":"2021-04-09T20:37:15","slug":"176636-2","status":"publish","type":"post","link":"https:\/\/zjarr.tv\/sq\/176636-2\/","title":{"rendered":"Plarent Ndreca nj\u00eb fushat\u00eb talljesh me t\u00eb moshuar\/Gazetarja e Zjarr Tv :&#8221;Votoni pa u ndikuar nga askush&#8221;(VIDEO)"},"content":{"rendered":"<p>&nbsp;<\/p>\n<p>Teksa po zhvillonte nje VOX POP me qytetaret e Tiran\u00ebs,gazatarja e Zjarr TV,Greta Hoxhaj \u00ebsht\u00eb p\u00ebrballur me nj\u00eb situat\u00eb t\u00eb pazakont\u00eb.Kandidati p\u00ebr deputet i PS \u00ebsht\u00eb afruar dhe ka nisur t\u00eb b\u00ebj &#8220;fushat\u00eb.<br \/>\nFjal\u00ebt jan\u00eb t\u00eb tep\u00ebrta.<br \/>\nNj\u00eb falenderim gazetares s\u00eb Zjarr Tv, Greta Hoxhaj, q\u00eb na solli keto pamje.<br \/>\nRilindasit nuk mund t\u00eb b\u00ebjn\u00eb fushat\u00eb me qytetar\u00ebt, se ata din\u00eb vet\u00ebm gjuh\u00ebn e arroganc\u00ebs, k\u00ebrc\u00ebnimit dhe blerjes.<br \/>\nCili \u00ebsht\u00eb Plarent Ndreca?I diplomuar si jurist, ka mbajtur postin e Sekretarit t\u00eb P\u00ebrgjithsh\u00ebm t\u00eb Ministris\u00eb s\u00eb Arsimit, Rinis\u00eb dhe Sporteve, si dhe Sekretarit t\u00eb P\u00ebrgjithsh\u00ebm n\u00eb Ministrin\u00eb e Mjedisit dhe Turizmit.<br \/>\nGazatarja Hoxhaj e ka sfiduar kandidatin e PS duke i th\u00ebn\u00eb se popullin lereni te zgjedh&#8230;<\/p>\n<p><iframe loading=\"lazy\" title=\"Plarent Ndreca pa filtra.\" width=\"696\" height=\"392\" src=\"https:\/\/www.youtube.com\/embed\/vdeLTXTOLKo?feature=oembed\" frameborder=\"0\" allow=\"accelerometer; autoplay; clipboard-write; encrypted-media; gyroscope; picture-in-picture\" allowfullscreen><\/iframe><\/p>\n","protected":false},"excerpt":{"rendered":"<p>&nbsp; Teksa po zhvillonte nje VOX POP me qytetaret e Tiran\u00ebs,gazatarja e Zjarr TV,Greta Hoxhaj \u00ebsht\u00eb p\u00ebrballur me nj\u00eb situat\u00eb t\u00eb pazakont\u00eb.Kandidati p\u00ebr deputet i PS \u00ebsht\u00eb afruar dhe ka nisur t\u00eb b\u00ebj &#8220;fushat\u00eb. Fjal\u00ebt jan\u00eb t\u00eb tep\u00ebrta. Nj\u00eb falenderim gazetares s\u00eb Zjarr Tv, Greta Hoxhaj, q\u00eb na solli keto pamje. Rilindasit nuk mund t\u00eb [&hellip;]<\/p>\n","protected":false},"author":2031,"featured_media":176637,"comment_status":"closed","ping_status":"closed","sticky":false,"template":"","format":"standard","meta":{"footnotes":""},"categories":[200],"tags":[2272,2273,2271],"class_list":{"0":"post-176636","1":"post","2":"type-post","3":"status-publish","4":"format-standard","5":"has-post-thumbnail","7":"category-shkruaje-ne-akull","8":"tag-greta-hoxhaj","9":"tag-plarent-ndreca","10":"tag-shkruaje-ne-akull"},"_links":{"self":[{"href":"https:\/\/zjarr.tv\/sq\/wp-json\/wp\/v2\/posts\/176636","targetHints":{"allow":["GET"]}}],"collection":[{"href":"https:\/\/zjarr.tv\/sq\/wp-json\/wp\/v2\/posts"}],"about":[{"href":"https:\/\/zjarr.tv\/sq\/wp-json\/wp\/v2\/types\/post"}],"author":[{"embeddable":true,"href":"https:\/\/zjarr.tv\/sq\/wp-json\/wp\/v2\/users\/2031"}],"replies":[{"embeddable":true,"href":"https:\/\/zjarr.tv\/sq\/wp-json\/wp\/v2\/comments?post=176636"}],"version-history":[{"count":0,"href":"https:\/\/zjarr.tv\/sq\/wp-json\/wp\/v2\/posts\/176636\/revisions"}],"wp:featuredmedia":[{"embeddable":true,"href":"https:\/\/zjarr.tv\/sq\/wp-json\/wp\/v2\/media\/176637"}],"wp:attachment":[{"href":"https:\/\/zjarr.tv\/sq\/wp-json\/wp\/v2\/media?parent=176636"}],"wp:term":[{"taxonomy":"category","embeddable":true,"href":"https:\/\/zjarr.tv\/sq\/wp-json\/wp\/v2\/categories?post=176636"},{"taxonomy":"post_tag","embeddable":true,"href":"https:\/\/zjarr.tv\/sq\/wp-json\/wp\/v2\/tags?post=176636"}],"curies":[{"name":"wp","href":"https:\/\/api.w.org\/{rel}","templated":true}]}}