{"id":176658,"date":"2021-04-10T08:13:25","date_gmt":"2021-04-10T06:13:25","guid":{"rendered":"https:\/\/zjarr.tv\/?p=176658"},"modified":"2021-04-10T08:24:31","modified_gmt":"2021-04-10T06:24:31","slug":"albin-kurti-fushate-ne-shqiperi-votoni-nr-13-ne-lezhe-nuk-prodhojne-me-figurat-e-konsumuara","status":"publish","type":"post","link":"https:\/\/zjarr.tv\/sq\/albin-kurti-fushate-ne-shqiperi-votoni-nr-13-ne-lezhe-nuk-prodhojne-me-figurat-e-konsumuara\/","title":{"rendered":"Albin Kurti fushat\u00eb n\u00eb Shqip\u00ebri: Votoni nr.13 n\u00eb Lezh\u00eb, nuk prodhojn\u00eb m\u00eb figurat e konsumuara\u2026"},"content":{"rendered":"<p>Kryeministri i Kosov\u00ebs, Albin Kurti, b\u00ebhet pjes\u00eb e fushat\u00ebs elektorale t\u00eb 25 Prillit, duke mb\u00ebshtetur kandidat\u00ebt e \u201cVet\u00ebvendosjes\u201d q\u00eb garojn\u00eb si t\u00eb pavarur n\u00eb Zgjedhjet Parlamentare, n\u00eb vendin ton\u00eb. Kurti, u ka b\u00ebr\u00eb thirrje qytetar\u00ebve t\u00eb Lezh\u00ebs, q\u00eb m\u00eb dat\u00eb 25 Prill t\u00eb votojn\u00eb numrin 13 n\u00eb list\u00eb, kandidatin e Vet\u00ebvendosjes, Iliaz Shehu.<\/p>\n<p>Kuti, thot\u00eb se Iliazi \u00ebsht\u00eb njeriu i duhur p\u00ebr t\u00eb \u00e7uar p\u00ebrpara nj\u00eb projekt t\u00eb mir\u00ebfillt\u00eb moderniues dhe evropianizues, pasi figurat praktikat dhe idet\u00eb e konsumuara p\u00ebr 30 vjet, nuk munden t\u00eb prodhojn\u00eb gj\u00ebra t\u00eb reja.<\/p>\n<p>\u201c<em>Me Iliaz Shehun jam takuar para disa viteve, kur ai jetonte e studionte filozofi n\u00eb Paris. Sot, ai \u00ebsht\u00eb ligj\u00ebrues universitar n\u00eb Shqip\u00ebri. Aktivist i L\u00ebvizjes qysh prej 2010, ai k\u00ebrkon mb\u00ebshtetjen tuaj si Kandidat i Pavarur p\u00ebr deputet n\u00eb Qarkun e Lezh\u00ebs, me num\u00ebr 13. <\/em><em>Synim i VET\u00cbVENDOSJE!-s \u00ebsht\u00eb q\u00eb t\u00eb rinjt\u00eb si Iliazi t\u2019i kthej\u00eb n\u00eb Atdhe, sepse vet\u00ebm k\u00ebshtu mund ta b\u00ebjm\u00eb ndryshimin q\u00eb njer\u00ebzit kaq shum\u00eb e duan dhe q\u00eb popullit e shtetit i nevojitet.<\/em><\/p>\n<p><em>Doktorant n\u00eb Sorbon\u00eb, Iliazi \u00ebsht\u00eb njeriu i duhur p\u00ebr t\u00eb \u00e7uar p\u00ebrpara nj\u00eb projekt t\u00eb mir\u00ebfillt\u00eb moderniues dhe evropianizues. Nuk munden m\u00eb figurat, praktikat dhe idet\u00eb e konsumuara p\u00ebr 30 vjet, t\u00eb prodhojn\u00eb dot ndonj\u00eb gj\u00eb t\u00eb re sot. <\/em><em>L\u00ebvizja \u00ebsht\u00eb n\u00eb Lezh\u00eb p\u00ebr t\u00eb q\u00ebndruar, dhe me pun\u00ebn e Iliaz Shehut, Marin Nikoll\u00ebs, Emanuela Kamshit e shum\u00eb t\u00eb tjer\u00ebve q\u00eb po kontribuojn\u00eb pa u lodhur, shpejt Lezha do t\u00eb jet\u00eb qend\u00ebr e fort\u00eb e L\u00ebvizjes.<\/em><\/p>\n<p><em>Qytetar\u00eb nga Lezha e Mirdita, nga La\u00e7i e Sh\u00ebngjini, mos harroni, n\u00eb 25 prill, n\u00eb fundin e flet\u00ebs s\u00eb votimit, Iliaz Shehun e gjeni si Kandidat t\u00eb Pavarur me numrin 13. Ai \u00ebsht\u00eb kandidat KrejtTjet\u00ebr<\/em>\u201d, shkruan Kryeministri Albin Kurti.<\/p>\n<p>&nbsp;<\/p>\n","protected":false},"excerpt":{"rendered":"<p>Kryeministri i Kosov\u00ebs, Albin Kurti, b\u00ebhet pjes\u00eb e fushat\u00ebs elektorale t\u00eb 25 Prillit, duke mb\u00ebshtetur kandidat\u00ebt e \u201cVet\u00ebvendosjes\u201d q\u00eb garojn\u00eb si t\u00eb pavarur n\u00eb Zgjedhjet Parlamentare, n\u00eb vendin ton\u00eb. Kurti, u ka b\u00ebr\u00eb thirrje qytetar\u00ebve t\u00eb Lezh\u00ebs, q\u00eb m\u00eb dat\u00eb 25 Prill t\u00eb votojn\u00eb numrin 13 n\u00eb list\u00eb, kandidatin e Vet\u00ebvendosjes, Iliaz Shehu. Kuti, thot\u00eb [&hellip;]<\/p>\n","protected":false},"author":2016,"featured_media":176661,"comment_status":"closed","ping_status":"closed","sticky":false,"template":"","format":"standard","meta":{"footnotes":""},"categories":[241],"tags":[2274],"class_list":{"0":"post-176658","1":"post","2":"type-post","3":"status-publish","4":"format-standard","5":"has-post-thumbnail","7":"category-aktualitet","8":"tag-lajme-zjarr-albin-kurti-fushate-ne-shqiperi-zjarr-tv"},"_links":{"self":[{"href":"https:\/\/zjarr.tv\/sq\/wp-json\/wp\/v2\/posts\/176658","targetHints":{"allow":["GET"]}}],"collection":[{"href":"https:\/\/zjarr.tv\/sq\/wp-json\/wp\/v2\/posts"}],"about":[{"href":"https:\/\/zjarr.tv\/sq\/wp-json\/wp\/v2\/types\/post"}],"author":[{"embeddable":true,"href":"https:\/\/zjarr.tv\/sq\/wp-json\/wp\/v2\/users\/2016"}],"replies":[{"embeddable":true,"href":"https:\/\/zjarr.tv\/sq\/wp-json\/wp\/v2\/comments?post=176658"}],"version-history":[{"count":0,"href":"https:\/\/zjarr.tv\/sq\/wp-json\/wp\/v2\/posts\/176658\/revisions"}],"wp:featuredmedia":[{"embeddable":true,"href":"https:\/\/zjarr.tv\/sq\/wp-json\/wp\/v2\/media\/176661"}],"wp:attachment":[{"href":"https:\/\/zjarr.tv\/sq\/wp-json\/wp\/v2\/media?parent=176658"}],"wp:term":[{"taxonomy":"category","embeddable":true,"href":"https:\/\/zjarr.tv\/sq\/wp-json\/wp\/v2\/categories?post=176658"},{"taxonomy":"post_tag","embeddable":true,"href":"https:\/\/zjarr.tv\/sq\/wp-json\/wp\/v2\/tags?post=176658"}],"curies":[{"name":"wp","href":"https:\/\/api.w.org\/{rel}","templated":true}]}}