{"id":176662,"date":"2021-04-10T08:24:12","date_gmt":"2021-04-10T06:24:12","guid":{"rendered":"https:\/\/zjarr.tv\/?p=176662"},"modified":"2021-04-10T08:24:58","modified_gmt":"2021-04-10T06:24:58","slug":"belinda-balluku-kontrolloret-turq-nuk-punuan-sepse-38-veta-nuk-semuren-ne-nje-kohe","status":"publish","type":"post","link":"https:\/\/zjarr.tv\/sq\/belinda-balluku-kontrolloret-turq-nuk-punuan-sepse-38-veta-nuk-semuren-ne-nje-kohe\/","title":{"rendered":"Belinda Balluku: Kontrollor\u00ebt turq nuk punuan, sepse 38 veta nuk s\u00ebmuren n\u00eb nj\u00eb koh\u00eb\u2026"},"content":{"rendered":"<p>Mbr\u00ebmjen e djeshme, Ministrja e Infrastruktur\u00ebs, Belinda Balluku, ka deklaruar se nuk ka qen\u00eb\u00a0e nevojshme z\u00ebv\u00ebnd\u00ebsimi i kontrollor\u00ebve shqiptar\u00eb, nga ata turq dhe grek\u00eb n\u00eb Rinas.<\/p>\n<p>Balluku tha se u \u00ebsht\u00eb drejtuar disa agjencive n\u00eb rajon dhe EuroControl, p\u00ebr kontrollor\u00eb t\u00eb huaj pas situat\u00ebs s\u00eb krijuar, por nuk qe e nevojshme pasi u rikthyen n\u00eb pun\u00eb disa nga kontrollor\u00ebt shqiptar\u00eb.<\/p>\n<p><em style=\"font-weight: inherit;\">\u201cTrafiku ajror ofrohet nga kontrollor\u00ebt e trafikut ajror shqiptar. U jemi drejtuar disa agjencive n\u00eb rajon edhe EuroControl kemi marr\u00eb p\u00ebrgjigje pozitive. Nuk ka qen\u00eb i nevojsh\u00ebm operacioni nga ana e tyre pasi jan\u00eb kthyer tan\u00ebt. Ata shpreh\u00ebn gatishm\u00ebri po nuk ishte nevoja. Nuk do t\u00eb paguheshin, b\u00ebhej fjal\u00eb p\u00ebr nj\u00eb mb\u00ebshtetje nga dy agjencit\u00eb e trafikut ajror. \u00cbsht\u00eb nj\u00eb moment i v\u00ebshtir\u00eb n\u00eb t\u00eb gjith\u00eb bot\u00ebn sa i p\u00ebrket trafikut ajror. \u00cbsht\u00eb nj\u00eb efekt i krijuar n\u00eb t\u00eb gjith\u00eb bot\u00ebn,<\/em>\u201d u shpreh Ministrja.<\/p>\n<p>E pyetur p\u00ebr nj\u00eb plan B p\u00ebr k\u00ebt\u00eb situat\u00eb Balluku sqaroi:\u00a0\u201c<em style=\"font-weight: inherit;\">Aviacioni Civil nuk sanksionohet as nga qeveria e Shqip\u00ebris\u00eb, e Italis\u00eb apo Gjermanis\u00eb. Asnj\u00eb qeveri nuk ka lidhje me aviacionin, aplikohen rregulla nd\u00ebrkomb\u00ebtare. N\u00ebse ka nj\u00eb sektor\u00a0 q\u00eb \u00a0ka plane kontigjence \u00ebsht\u00eb aviacioni. Ka plane kontigjence, ka plane B, C, D dhe E. Ky rast \u00ebsht\u00eb i paprecedent\u00eb sepse nuk i lejohet \u00ebsht\u00eb i ndaluar n\u00eb Kodin e Pun\u00ebs. I ndalohet trafikut ajror q\u00eb t\u00eb b\u00ebj\u00eb grev\u00eb<\/em>\u201d.<\/p>\n<p>Gjithashtu, Ministrja theksoi se fakti q\u00eb jan\u00eb publikuar n\u00eb media mesazhet e kontrollor\u00ebve, \u00ebsht\u00eb nj\u00eb gabim i madh. Nd\u00ebrsa m\u00eb tej, theksoi se greva ka q\u00ebn\u00eb e planifikuar, pasi nuk mund t\u00eb ndodh\u00eb q\u00eb 38 veta, t\u00eb s\u00ebmuren n\u00eb t\u00eb nj\u00ebjt\u00ebn koh\u00eb.<\/p>\n<p><em style=\"font-weight: inherit;\">\u201cKa edhe fakte q\u00eb ndihem keq q\u00eb jan\u00eb b\u00ebr\u00eb publike. Fakti q\u00eb jan\u00eb duke dal\u00eb mesazhet mes tyre \u00ebsht\u00eb gabim shum\u00eb i madh. Ka interes t\u00eb madh ndaj ka edhe k\u00ebt\u00eb lloj rrjedhje nuk shoh etik\u00eb n\u00eb mes dhe \u00ebsht\u00eb gabim. \u00cbsht\u00eb e organizuar q\u00eb k\u00ebtu nuk b\u00ebhet fjal\u00eb p\u00ebr njer\u00ebz q\u00eb u s\u00ebmur\u00ebn n\u00eb t\u00eb nj\u00ebjtin sekond 38 veta. I ktheu n\u00eb nj\u00eb grup tregtar\u00ebsh. Un\u00eb kam punuar me ta 6 vite dhe kontrollor\u00ebt nuk jan\u00eb k\u00ebta q\u00eb u shfaq\u00ebn,\u201d<\/em>\u00a0tha Balluku.<\/p>\n<p>&nbsp;<\/p>\n","protected":false},"excerpt":{"rendered":"<p>Mbr\u00ebmjen e djeshme, Ministrja e Infrastruktur\u00ebs, Belinda Balluku, ka deklaruar se nuk ka qen\u00eb\u00a0e nevojshme z\u00ebv\u00ebnd\u00ebsimi i kontrollor\u00ebve shqiptar\u00eb, nga ata turq dhe grek\u00eb n\u00eb Rinas. Balluku tha se u \u00ebsht\u00eb drejtuar disa agjencive n\u00eb rajon dhe EuroControl, p\u00ebr kontrollor\u00eb t\u00eb huaj pas situat\u00ebs s\u00eb krijuar, por nuk qe e nevojshme pasi u rikthyen n\u00eb [&hellip;]<\/p>\n","protected":false},"author":2016,"featured_media":176664,"comment_status":"closed","ping_status":"closed","sticky":false,"template":"","format":"standard","meta":{"footnotes":""},"categories":[241],"tags":[2275],"class_list":{"0":"post-176662","1":"post","2":"type-post","3":"status-publish","4":"format-standard","5":"has-post-thumbnail","7":"category-aktualitet","8":"tag-lajme-zjarr-balluku-kontrolloret-turq-nuk-punuan-zjarr-tv"},"_links":{"self":[{"href":"https:\/\/zjarr.tv\/sq\/wp-json\/wp\/v2\/posts\/176662","targetHints":{"allow":["GET"]}}],"collection":[{"href":"https:\/\/zjarr.tv\/sq\/wp-json\/wp\/v2\/posts"}],"about":[{"href":"https:\/\/zjarr.tv\/sq\/wp-json\/wp\/v2\/types\/post"}],"author":[{"embeddable":true,"href":"https:\/\/zjarr.tv\/sq\/wp-json\/wp\/v2\/users\/2016"}],"replies":[{"embeddable":true,"href":"https:\/\/zjarr.tv\/sq\/wp-json\/wp\/v2\/comments?post=176662"}],"version-history":[{"count":0,"href":"https:\/\/zjarr.tv\/sq\/wp-json\/wp\/v2\/posts\/176662\/revisions"}],"wp:featuredmedia":[{"embeddable":true,"href":"https:\/\/zjarr.tv\/sq\/wp-json\/wp\/v2\/media\/176664"}],"wp:attachment":[{"href":"https:\/\/zjarr.tv\/sq\/wp-json\/wp\/v2\/media?parent=176662"}],"wp:term":[{"taxonomy":"category","embeddable":true,"href":"https:\/\/zjarr.tv\/sq\/wp-json\/wp\/v2\/categories?post=176662"},{"taxonomy":"post_tag","embeddable":true,"href":"https:\/\/zjarr.tv\/sq\/wp-json\/wp\/v2\/tags?post=176662"}],"curies":[{"name":"wp","href":"https:\/\/api.w.org\/{rel}","templated":true}]}}