{"id":176669,"date":"2021-04-10T08:41:39","date_gmt":"2021-04-10T06:41:39","guid":{"rendered":"https:\/\/zjarr.tv\/?p=176669"},"modified":"2021-04-10T08:41:39","modified_gmt":"2021-04-10T06:41:39","slug":"sander-lleshaj-flet-pse-ps-ja-e-la-jashte-listes-nuk-kam-me-moshe-te-dal-dere-me-dere-per-te-kerkuar-vota","status":"publish","type":"post","link":"https:\/\/zjarr.tv\/sq\/sander-lleshaj-flet-pse-ps-ja-e-la-jashte-listes-nuk-kam-me-moshe-te-dal-dere-me-dere-per-te-kerkuar-vota\/","title":{"rendered":"Sand\u00ebr Lleshaj flet pse PS-ja e la jasht\u00eb list\u00ebs: Nuk kam m\u00eb mosh\u00eb t\u00eb dal der\u00eb m\u00eb der\u00eb p\u00ebr t\u00eb k\u00ebrkuar vota\u2026"},"content":{"rendered":"<p>Nj\u00eb nga surprizat e list\u00ebs s\u00eb PS-s\u00eb, p\u00ebr zgjedhjet e 25 Prillit ishte edhe l\u00ebnia jasht\u00eb e ish-ministrit t\u00eb Brendsh\u00ebm Sand\u00ebr Lleshaj, ish-koordinator i socialist\u00ebve n\u00eb qarkun e Lezh\u00ebs. Por p\u00ebrse u la jasht\u00eb? Ish-gjenerali q\u00eb hoqi dor\u00eb nga gradat p\u00ebr t\u2019ju futur politik\u00ebs, tha se \u00ebsht\u00eb pun\u00ebtor i keq partie dhe se p\u00ebr t\u00eb \u00ebsht\u00eb tep\u00ebr von\u00eb, q\u00eb t\u00eb dal\u00eb n\u00eb terren der\u00eb m\u00eb der\u00eb p\u00ebr t\u00eb k\u00ebrkuar vota.<\/p>\n<p>\u201c<em>Politika \u00ebsht\u00eb shum\u00eb m\u00eb e gjer\u00eb se partit\u00eb. Un\u00eb jam futur n\u00eb politik\u00ebn shtet\u00ebrore dhe kam q\u00ebndruar aty dhe e kam th\u00ebn\u00eb un\u00eb kam hyr\u00eb k\u00ebtu, jam b\u00ebr\u00eb minist\u00ebr, tani un\u00eb edhe kam hyr\u00eb n\u00eb nj\u00eb mosh\u00eb t\u00eb caktuar dhe nuk e shoh veten t\u00eb aft\u00eb p\u00ebr t\u00eb b\u00ebr\u00eb partiakun, jam nj\u00eb pun\u00ebtor i keq partie.<\/em><\/p>\n<p><em>Partit\u00eb n\u00eb fushata rreshtojn\u00eb pun\u00ebtor\u00eb partie q\u00eb shkojn\u00eb der\u00eb m\u00eb der\u00eb, un\u00eb nuk mund t\u00eb shkoj der\u00eb m\u00eb der\u00eb. N\u00eb Shqip\u00ebri p\u00ebr t\u00eb marr\u00eb vot\u00ebn duhet t\u00eb shkosh t\u00eb trokas\u00ebsh n\u00eb der\u00ebn e qytetar\u00ebve, n\u00eb bot\u00eb nuk \u00ebsht\u00eb k\u00ebshtu dhe un\u00eb e konsideroj veten pak von\u00eb p\u00ebr t\u2019u futur si rishtar n\u00eb skalionet e para partiake. Nuk jam i p\u00ebrfshir\u00eb n\u00eb list\u00eb, jam mir\u00ebkuptues p\u00ebr k\u00ebt\u00eb fakt. Pozicioni im n\u00eb k\u00ebto zgjedhje \u00ebsht\u00eb i votuesit<\/em>\u201d, k\u00ebshtu shprehet Sand\u00ebr Lleshaj.<\/p>\n<p>&nbsp;<\/p>\n","protected":false},"excerpt":{"rendered":"<p>Nj\u00eb nga surprizat e list\u00ebs s\u00eb PS-s\u00eb, p\u00ebr zgjedhjet e 25 Prillit ishte edhe l\u00ebnia jasht\u00eb e ish-ministrit t\u00eb Brendsh\u00ebm Sand\u00ebr Lleshaj, ish-koordinator i socialist\u00ebve n\u00eb qarkun e Lezh\u00ebs. Por p\u00ebrse u la jasht\u00eb? Ish-gjenerali q\u00eb hoqi dor\u00eb nga gradat p\u00ebr t\u2019ju futur politik\u00ebs, tha se \u00ebsht\u00eb pun\u00ebtor i keq partie dhe se p\u00ebr t\u00eb [&hellip;]<\/p>\n","protected":false},"author":2016,"featured_media":176671,"comment_status":"closed","ping_status":"closed","sticky":false,"template":"","format":"standard","meta":{"footnotes":""},"categories":[241],"tags":[2277],"class_list":{"0":"post-176669","1":"post","2":"type-post","3":"status-publish","4":"format-standard","5":"has-post-thumbnail","7":"category-aktualitet","8":"tag-lajme-zjarr-lleshaj-flet-pse-ps-ja-e-la-jashte-listes-zjarr-tv"},"_links":{"self":[{"href":"https:\/\/zjarr.tv\/sq\/wp-json\/wp\/v2\/posts\/176669","targetHints":{"allow":["GET"]}}],"collection":[{"href":"https:\/\/zjarr.tv\/sq\/wp-json\/wp\/v2\/posts"}],"about":[{"href":"https:\/\/zjarr.tv\/sq\/wp-json\/wp\/v2\/types\/post"}],"author":[{"embeddable":true,"href":"https:\/\/zjarr.tv\/sq\/wp-json\/wp\/v2\/users\/2016"}],"replies":[{"embeddable":true,"href":"https:\/\/zjarr.tv\/sq\/wp-json\/wp\/v2\/comments?post=176669"}],"version-history":[{"count":0,"href":"https:\/\/zjarr.tv\/sq\/wp-json\/wp\/v2\/posts\/176669\/revisions"}],"wp:featuredmedia":[{"embeddable":true,"href":"https:\/\/zjarr.tv\/sq\/wp-json\/wp\/v2\/media\/176671"}],"wp:attachment":[{"href":"https:\/\/zjarr.tv\/sq\/wp-json\/wp\/v2\/media?parent=176669"}],"wp:term":[{"taxonomy":"category","embeddable":true,"href":"https:\/\/zjarr.tv\/sq\/wp-json\/wp\/v2\/categories?post=176669"},{"taxonomy":"post_tag","embeddable":true,"href":"https:\/\/zjarr.tv\/sq\/wp-json\/wp\/v2\/tags?post=176669"}],"curies":[{"name":"wp","href":"https:\/\/api.w.org\/{rel}","templated":true}]}}