{"id":176706,"date":"2021-04-10T10:29:45","date_gmt":"2021-04-10T08:29:45","guid":{"rendered":"https:\/\/zjarr.tv\/?p=176706"},"modified":"2021-04-10T10:29:45","modified_gmt":"2021-04-10T08:29:45","slug":"gjykata-merr-vendimin-per-2-kontrolloret-e-rinasit","status":"publish","type":"post","link":"https:\/\/zjarr.tv\/sq\/gjykata-merr-vendimin-per-2-kontrolloret-e-rinasit\/","title":{"rendered":"Gjykata merr vendimin p\u00ebr 2 kontrollor\u00ebt e Rinasit\u2026"},"content":{"rendered":"<p style=\"line-height: 17.65pt; vertical-align: baseline;\"><span style=\"color: #464343;\">Gjykata e Tiran\u00ebs, ka dh\u00ebn\u00eb masat e siguris\u00eb p\u00ebr tre t\u00eb ndaluarit e kompanis\u00eb, AlbControl.<\/span><\/p>\n<p style=\"line-height: 17.65pt; vertical-align: baseline;\"><span style=\"color: #464343;\">B\u00ebhet me dije se p\u00ebr Flora Ndrec\u00ebn, \u00ebsht\u00eb dh\u00ebn\u00eb masa e siguris\u00eb \u201cArrest sht\u00ebpie\u201d, nd\u00ebrsa p\u00ebr \u00a0dy kontrollor\u00ebt e tjer\u00eb, Armando Fezga dhe Muhin Mezini, \u00ebsht\u00eb dh\u00ebn\u00eb masa e siguris\u00eb \u201cArrest me burg\u201d.<\/span><\/p>\n","protected":false},"excerpt":{"rendered":"<p>Gjykata e Tiran\u00ebs, ka dh\u00ebn\u00eb masat e siguris\u00eb p\u00ebr tre t\u00eb ndaluarit e kompanis\u00eb, AlbControl. B\u00ebhet me dije se p\u00ebr Flora Ndrec\u00ebn, \u00ebsht\u00eb dh\u00ebn\u00eb masa e siguris\u00eb \u201cArrest sht\u00ebpie\u201d, nd\u00ebrsa p\u00ebr \u00a0dy kontrollor\u00ebt e tjer\u00eb, Armando Fezga dhe Muhin Mezini, \u00ebsht\u00eb dh\u00ebn\u00eb masa e siguris\u00eb \u201cArrest me burg\u201d.<\/p>\n","protected":false},"author":2016,"featured_media":176708,"comment_status":"closed","ping_status":"closed","sticky":false,"template":"","format":"standard","meta":{"footnotes":""},"categories":[241],"tags":[2285],"class_list":{"0":"post-176706","1":"post","2":"type-post","3":"status-publish","4":"format-standard","5":"has-post-thumbnail","7":"category-aktualitet","8":"tag-lajme-zjarr-gjykata-merr-vendimin-zjarr-tv"},"_links":{"self":[{"href":"https:\/\/zjarr.tv\/sq\/wp-json\/wp\/v2\/posts\/176706","targetHints":{"allow":["GET"]}}],"collection":[{"href":"https:\/\/zjarr.tv\/sq\/wp-json\/wp\/v2\/posts"}],"about":[{"href":"https:\/\/zjarr.tv\/sq\/wp-json\/wp\/v2\/types\/post"}],"author":[{"embeddable":true,"href":"https:\/\/zjarr.tv\/sq\/wp-json\/wp\/v2\/users\/2016"}],"replies":[{"embeddable":true,"href":"https:\/\/zjarr.tv\/sq\/wp-json\/wp\/v2\/comments?post=176706"}],"version-history":[{"count":0,"href":"https:\/\/zjarr.tv\/sq\/wp-json\/wp\/v2\/posts\/176706\/revisions"}],"wp:featuredmedia":[{"embeddable":true,"href":"https:\/\/zjarr.tv\/sq\/wp-json\/wp\/v2\/media\/176708"}],"wp:attachment":[{"href":"https:\/\/zjarr.tv\/sq\/wp-json\/wp\/v2\/media?parent=176706"}],"wp:term":[{"taxonomy":"category","embeddable":true,"href":"https:\/\/zjarr.tv\/sq\/wp-json\/wp\/v2\/categories?post=176706"},{"taxonomy":"post_tag","embeddable":true,"href":"https:\/\/zjarr.tv\/sq\/wp-json\/wp\/v2\/tags?post=176706"}],"curies":[{"name":"wp","href":"https:\/\/api.w.org\/{rel}","templated":true}]}}