{"id":176715,"date":"2021-04-10T11:09:17","date_gmt":"2021-04-10T09:09:17","guid":{"rendered":"https:\/\/zjarr.tv\/?p=176715"},"modified":"2021-04-10T11:09:17","modified_gmt":"2021-04-10T09:09:17","slug":"nga-e-hena-ulet-mosha-ja-kush-mund-te-shkoje-dhe-te-marre-vaksinen-kineze","status":"publish","type":"post","link":"https:\/\/zjarr.tv\/sq\/nga-e-hena-ulet-mosha-ja-kush-mund-te-shkoje-dhe-te-marre-vaksinen-kineze\/","title":{"rendered":"Nga e h\u00ebna ulet mosha\/ Ja kush mund t\u00eb shkoj\u00eb dhe t\u00eb marr\u00eb vaksin\u00ebn kineze\u2026"},"content":{"rendered":"<p>Dit\u00ebn e sotme, Kryeministri Edi Rama, ka folur nga Vlora, se prej t\u00eb h\u00ebn\u00ebs, do t\u00eb nis\u00eb vaksinimi i qytetar\u00ebve q\u00eb jan\u00eb mbi 60-vje\u00e7. N\u00eb saj\u00eb t\u00eb mij\u00ebra vaksinave q\u00eb jan\u00eb marr\u00eb nga Kina, Ministrja ka ulur dal\u00ebngadal\u00eb dhe fash\u00ebn e mosh\u00ebs, p\u00ebr personat q\u00eb mund t\u00eb vaksinohen.<\/p>\n<p>Sipas Ram\u00ebs, shum\u00eb shpejt pritet q\u00eb t\u00eb nis\u00eb dhe vaksinimi i punonj\u00ebsve n\u00eb hotele, si dhe pun\u00ebtor\u00ebve q\u00eb jan\u00eb pjes\u00eb e biznesit fason.<\/p>\n<p><em>\u201cPo sigurojm\u00eb q\u00eb sezoni turistik q\u00eb \u00ebsht\u00eb n\u00eb prag t\u00eb jet\u00eb shum\u00eb m\u00eb i leht\u00ebsuar, do t\u00eb fillojm\u00eb q\u00eb t\u00eb vaksinojm\u00eb stafet e industris\u00eb hoteliere, q\u00eb rrit shanset q\u00eb t\u00eb sjellim turist\u00eb t\u00eb huaj, si dhe n\u00eb fabrikat fasone.<\/em><\/p>\n<p><em>Fasha do t\u00eb ulet dit\u00ebn e h\u00ebn\u00eb +60, forca dhe t\u00eb b\u00ebjm\u00eb maksimumin t\u00eb gjith\u00eb s\u00eb bashku. Duhet t\u00eb b\u00ebhemi t\u00eb gjith\u00eb s\u00eb bashku n\u00eb m\u00ebnyr\u00eb q\u00eb procesi i vaksinimit t\u00eb vijoj\u00eb.<\/em><\/p>\n<p><em>\u00c7do sjellje e gabuar rrit numrin e infektimeve, fatkeq\u00ebsisht kemi nj\u00eb val\u00eb infektuese, q\u00eb prodhohet \u00e7do dit\u00eb nga dasmat e rrug\u00ebve, q\u00eb kan\u00eb vendosur planin p\u00ebr pushtetin mbi sh\u00ebndetin e njer\u00ebzve, ne lutemi q\u00eb kostoja t\u00eb mos jet\u00eb e pap\u00ebrballueshme, pasi padiskutim kjo q\u00eb po ndodh \u00e7do dit\u00eb me turmat e shekullit t\u00eb kaluar, do t\u00eb sjellin nj\u00eb rritje t\u00eb numrit t\u00eb infektimeve. Urojm\u00eb q\u00eb t\u00eb mos ket\u00eb nj\u00eb rritje dramatike\u201d,<\/em>\u00a0tha Rama.<\/p>\n<p>&nbsp;<\/p>\n","protected":false},"excerpt":{"rendered":"<p>Dit\u00ebn e sotme, Kryeministri Edi Rama, ka folur nga Vlora, se prej t\u00eb h\u00ebn\u00ebs, do t\u00eb nis\u00eb vaksinimi i qytetar\u00ebve q\u00eb jan\u00eb mbi 60-vje\u00e7. N\u00eb saj\u00eb t\u00eb mij\u00ebra vaksinave q\u00eb jan\u00eb marr\u00eb nga Kina, Ministrja ka ulur dal\u00ebngadal\u00eb dhe fash\u00ebn e mosh\u00ebs, p\u00ebr personat q\u00eb mund t\u00eb vaksinohen. Sipas Ram\u00ebs, shum\u00eb shpejt pritet q\u00eb t\u00eb [&hellip;]<\/p>\n","protected":false},"author":2016,"featured_media":176717,"comment_status":"closed","ping_status":"closed","sticky":false,"template":"","format":"standard","meta":{"footnotes":""},"categories":[241],"tags":[2287],"class_list":{"0":"post-176715","1":"post","2":"type-post","3":"status-publish","4":"format-standard","5":"has-post-thumbnail","7":"category-aktualitet","8":"tag-lajme-zjarr-nga-e-hena-ulet-mosha-zjarr-tv"},"_links":{"self":[{"href":"https:\/\/zjarr.tv\/sq\/wp-json\/wp\/v2\/posts\/176715","targetHints":{"allow":["GET"]}}],"collection":[{"href":"https:\/\/zjarr.tv\/sq\/wp-json\/wp\/v2\/posts"}],"about":[{"href":"https:\/\/zjarr.tv\/sq\/wp-json\/wp\/v2\/types\/post"}],"author":[{"embeddable":true,"href":"https:\/\/zjarr.tv\/sq\/wp-json\/wp\/v2\/users\/2016"}],"replies":[{"embeddable":true,"href":"https:\/\/zjarr.tv\/sq\/wp-json\/wp\/v2\/comments?post=176715"}],"version-history":[{"count":0,"href":"https:\/\/zjarr.tv\/sq\/wp-json\/wp\/v2\/posts\/176715\/revisions"}],"wp:featuredmedia":[{"embeddable":true,"href":"https:\/\/zjarr.tv\/sq\/wp-json\/wp\/v2\/media\/176717"}],"wp:attachment":[{"href":"https:\/\/zjarr.tv\/sq\/wp-json\/wp\/v2\/media?parent=176715"}],"wp:term":[{"taxonomy":"category","embeddable":true,"href":"https:\/\/zjarr.tv\/sq\/wp-json\/wp\/v2\/categories?post=176715"},{"taxonomy":"post_tag","embeddable":true,"href":"https:\/\/zjarr.tv\/sq\/wp-json\/wp\/v2\/tags?post=176715"}],"curies":[{"name":"wp","href":"https:\/\/api.w.org\/{rel}","templated":true}]}}