{"id":176719,"date":"2021-04-10T11:18:14","date_gmt":"2021-04-10T09:18:14","guid":{"rendered":"https:\/\/zjarr.tv\/?p=176719"},"modified":"2021-04-10T11:18:36","modified_gmt":"2021-04-10T09:18:36","slug":"lulzim-bashes-pritje-spektakolare-ne-diber-le-ti-japim-fund-dimrit-8-vjecar","status":"publish","type":"post","link":"https:\/\/zjarr.tv\/sq\/lulzim-bashes-pritje-spektakolare-ne-diber-le-ti-japim-fund-dimrit-8-vjecar\/","title":{"rendered":"Lulzim Bash\u00ebs i b\u00ebjn\u00eb pritje spektakolare n\u00eb Dib\u00ebr: Le t\u2019i japim fund dimrit 8-vje\u00e7ar\u2026"},"content":{"rendered":"<p>Dit\u00ebn e sotme, kryedemokrati Lulzim Basha, ka mb\u00ebrritur n\u00eb Dib\u00ebr, ku \u00ebsht\u00eb pritur mes ovacioneve nga qindra qytetar\u00eb, q\u00eb sipas tij, mezi e presin ndryshimin. Basha, k\u00ebrkoi nga qytetar\u00ebt q\u00eb s\u00eb bashku, t\u2019i prijn\u00eb ndryshimit t\u00eb vendit, nd\u00ebrsa tha se prej 8 vitesh t\u00eb gjith\u00eb shqiptar\u00ebt, jan\u00eb duke kaluar nj\u00eb dim\u00ebr t\u00eb mbushur me vuajtje dhe me papun\u00ebsi.<\/p>\n<p><em>\u201cFaleminderit p\u00ebr k\u00ebt\u00eb uragan t\u00eb shpres\u00ebs, t\u00eb entuziazmit, t\u00eb padurimit t\u00eb Dibr\u00ebs p\u00ebr ndryshim. P\u00ebr vite me radh\u00eb kam qen\u00eb n\u00eb mesin tuaj, ku nuk m\u00eb ka munguar respekti juaj, por asnj\u00ebher\u00eb m\u00eb par\u00eb nuk e kam par\u00eb t\u00eb mbushet kaq k\u00ebt\u00eb shesh. Shqiptar\u00ebt kan\u00eb kaluar 8 vite t\u00eb v\u00ebshtira, nj\u00eb dim\u00ebr 8-vje\u00e7ar, i mbushur me vuajtje, padrejt\u00ebsi, ankth, papun\u00ebsi, me emigracion t\u00eb nxitur nga nj\u00eb ekonomi e shkat\u00ebrruar.<\/em><\/p>\n<p><em>K\u00ebto 8 vite kemi qen\u00eb bashk\u00eb p\u00ebr t\u00eb kund\u00ebrshtuar padrejt\u00ebsit\u00eb, zullumet, q\u00eb kan\u00eb shkat\u00ebrruar ekonomit\u00eb familjare dhe kan\u00eb ulur kok\u00ebn e prind\u00ebrve para f\u00ebmij\u00ebve t\u00eb tyre. Ai dhe ata q\u00eb e mor\u00ebn peng Shqip\u00ebrin\u00eb dhe Dibr\u00ebn, ekonomin\u00eb tuaj, mir\u00ebqenien tuaj, ata jan\u00eb nj\u00eb pakic\u00eb absolute q\u00eb i kan\u00eb or\u00ebt dhe dit\u00ebt e num\u00ebruara. Le t\u00eb bashkohemi si n\u00eb k\u00ebt\u00eb shesh kudo, dit\u00eb p\u00ebr dit\u00eb e nat\u00eb p\u00ebr nat\u00eb. Le t\u00eb jemi ne korrier\u00ebt e ndryshimit p\u00ebr shqiptar\u00ebt. S\u00eb shpejti do ta rimarr\u00eb vendin q\u00eb i ka takuar n\u00eb \u00e7do fush\u00eb, duke nisur me rihapjen e filialit k\u00ebtu n\u00eb Peshkopi.<\/em><\/p>\n<p><em>\u00cbsht\u00eb krenari komb\u00ebtare e men\u00e7uri. Dibra ka qen\u00eb universitet para se t\u00eb kishte universitet. E kot \u00ebsht\u00eb t\u00eb pyes: A do t\u2019ia hapni m\u00eb der\u00ebn t\u00eb keqes?! A do t\u2019i themi t\u00eb keqes ik?! Bashk\u00eb t\u2019i prijm\u00eb ndryshimit q\u00eb k\u00ebrkon Dibra\u201d,<\/em>\u00a0k\u00ebshtu u shpreh lideri demokrat Lulzim Basha.<\/p>\n<p>&nbsp;<\/p>\n","protected":false},"excerpt":{"rendered":"<p>Dit\u00ebn e sotme, kryedemokrati Lulzim Basha, ka mb\u00ebrritur n\u00eb Dib\u00ebr, ku \u00ebsht\u00eb pritur mes ovacioneve nga qindra qytetar\u00eb, q\u00eb sipas tij, mezi e presin ndryshimin. Basha, k\u00ebrkoi nga qytetar\u00ebt q\u00eb s\u00eb bashku, t\u2019i prijn\u00eb ndryshimit t\u00eb vendit, nd\u00ebrsa tha se prej 8 vitesh t\u00eb gjith\u00eb shqiptar\u00ebt, jan\u00eb duke kaluar nj\u00eb dim\u00ebr t\u00eb mbushur me vuajtje [&hellip;]<\/p>\n","protected":false},"author":2016,"featured_media":176721,"comment_status":"closed","ping_status":"closed","sticky":false,"template":"","format":"standard","meta":{"footnotes":""},"categories":[241,1454],"tags":[2288],"class_list":{"0":"post-176719","1":"post","2":"type-post","3":"status-publish","4":"format-standard","5":"has-post-thumbnail","7":"category-aktualitet","8":"category-politike","9":"tag-lajme-zjarr-bashes-pritje-spektakolare-ne-diber-zjarr-tv"},"_links":{"self":[{"href":"https:\/\/zjarr.tv\/sq\/wp-json\/wp\/v2\/posts\/176719","targetHints":{"allow":["GET"]}}],"collection":[{"href":"https:\/\/zjarr.tv\/sq\/wp-json\/wp\/v2\/posts"}],"about":[{"href":"https:\/\/zjarr.tv\/sq\/wp-json\/wp\/v2\/types\/post"}],"author":[{"embeddable":true,"href":"https:\/\/zjarr.tv\/sq\/wp-json\/wp\/v2\/users\/2016"}],"replies":[{"embeddable":true,"href":"https:\/\/zjarr.tv\/sq\/wp-json\/wp\/v2\/comments?post=176719"}],"version-history":[{"count":0,"href":"https:\/\/zjarr.tv\/sq\/wp-json\/wp\/v2\/posts\/176719\/revisions"}],"wp:featuredmedia":[{"embeddable":true,"href":"https:\/\/zjarr.tv\/sq\/wp-json\/wp\/v2\/media\/176721"}],"wp:attachment":[{"href":"https:\/\/zjarr.tv\/sq\/wp-json\/wp\/v2\/media?parent=176719"}],"wp:term":[{"taxonomy":"category","embeddable":true,"href":"https:\/\/zjarr.tv\/sq\/wp-json\/wp\/v2\/categories?post=176719"},{"taxonomy":"post_tag","embeddable":true,"href":"https:\/\/zjarr.tv\/sq\/wp-json\/wp\/v2\/tags?post=176719"}],"curies":[{"name":"wp","href":"https:\/\/api.w.org\/{rel}","templated":true}]}}