{"id":176728,"date":"2021-04-10T11:36:47","date_gmt":"2021-04-10T09:36:47","guid":{"rendered":"https:\/\/zjarr.tv\/?p=176728"},"modified":"2021-04-10T11:54:06","modified_gmt":"2021-04-10T09:54:06","slug":"ilir-meta-i-gjen-vendin-rames-pas-zgjedhjeve-vlora-ka-nje-spital-psikiatrik-me-staf-te-devotshem","status":"publish","type":"post","link":"https:\/\/zjarr.tv\/sq\/ilir-meta-i-gjen-vendin-rames-pas-zgjedhjeve-vlora-ka-nje-spital-psikiatrik-me-staf-te-devotshem\/","title":{"rendered":"Ilir Meta i gjen vendin Ram\u00ebs pas zgjedhjeve: Vlora ka nj\u00eb spital psikiatrik, me staf t\u00eb devotsh\u00ebm\u2026"},"content":{"rendered":"<p>Presidenti i vendit Ilir Meta, ka ironizuar Kryeministrin Edi Rama, lidhur me deklaratat e tij, duke i th\u00ebn\u00eb se i ka gjetur nj\u00eb vend q\u00eb b\u00ebn fiks p\u00ebr t\u00eb, duke u shprehur; &#8220;<em>Ka nj\u00eb spital psikiatrik q\u00eb duket shum\u00eb mir\u00eb nga jasht\u00eb, dhe ka nj\u00eb staf t\u00eb devotsh\u00ebm&#8221;.<\/em><\/p>\n<p>Presidenti Meta:<\/p>\n<p>&#8220;<em>Ai nuk e di por presidenti mund t\u00eb nxjerr\u00eb dekrete, Vlora ka hap\u00ebsira dhe p\u00ebr t\u00eb n\u00eb t\u00eb ardhmen, pas 26 Prillit. <\/em><\/p>\n<p><em>Ka nj\u00eb spital psikiatrik q\u00eb duket shum\u00eb mir\u00eb nga jasht\u00eb, dhe ka nj\u00eb staf t\u00eb devotsh\u00ebm, ai \u00ebsht\u00eb kuptuar q\u00eb t\u00eb korruptoj\u00eb dhe burra, q\u00eb turp\u00ebrojn\u00eb familjen e tyre dhe vendin e tyre, por duhet ta dij\u00eb se n\u00eb 25 Prill do ta marr\u00eb p\u00ebrgjigjen nga vajzat dhe n\u00ebnat shqiptare q\u00eb nuk duan m\u00eb t\u00eb jetojn\u00eb n\u00eb sht\u00ebpit\u00eb e tyre t\u00eb zbrazura. N\u00eb 25 Prill kushdo mund t\u00eb b\u00ebhet kurban, por jo demokracia<\/em>&#8220;.<\/p>\n","protected":false},"excerpt":{"rendered":"<p>Presidenti i vendit Ilir Meta, ka ironizuar Kryeministrin Edi Rama, lidhur me deklaratat e tij, duke i th\u00ebn\u00eb se i ka gjetur nj\u00eb vend q\u00eb b\u00ebn fiks p\u00ebr t\u00eb, duke u shprehur; &#8220;Ka nj\u00eb spital psikiatrik q\u00eb duket shum\u00eb mir\u00eb nga jasht\u00eb, dhe ka nj\u00eb staf t\u00eb devotsh\u00ebm&#8221;. Presidenti Meta: &#8220;Ai nuk e di por [&hellip;]<\/p>\n","protected":false},"author":2016,"featured_media":176730,"comment_status":"closed","ping_status":"closed","sticky":false,"template":"","format":"standard","meta":{"footnotes":""},"categories":[241],"tags":[2290],"class_list":{"0":"post-176728","1":"post","2":"type-post","3":"status-publish","4":"format-standard","5":"has-post-thumbnail","7":"category-aktualitet","8":"tag-lajme-zjarr-meta-i-gjen-vendin-rames-zjarr-tv"},"_links":{"self":[{"href":"https:\/\/zjarr.tv\/sq\/wp-json\/wp\/v2\/posts\/176728","targetHints":{"allow":["GET"]}}],"collection":[{"href":"https:\/\/zjarr.tv\/sq\/wp-json\/wp\/v2\/posts"}],"about":[{"href":"https:\/\/zjarr.tv\/sq\/wp-json\/wp\/v2\/types\/post"}],"author":[{"embeddable":true,"href":"https:\/\/zjarr.tv\/sq\/wp-json\/wp\/v2\/users\/2016"}],"replies":[{"embeddable":true,"href":"https:\/\/zjarr.tv\/sq\/wp-json\/wp\/v2\/comments?post=176728"}],"version-history":[{"count":0,"href":"https:\/\/zjarr.tv\/sq\/wp-json\/wp\/v2\/posts\/176728\/revisions"}],"wp:featuredmedia":[{"embeddable":true,"href":"https:\/\/zjarr.tv\/sq\/wp-json\/wp\/v2\/media\/176730"}],"wp:attachment":[{"href":"https:\/\/zjarr.tv\/sq\/wp-json\/wp\/v2\/media?parent=176728"}],"wp:term":[{"taxonomy":"category","embeddable":true,"href":"https:\/\/zjarr.tv\/sq\/wp-json\/wp\/v2\/categories?post=176728"},{"taxonomy":"post_tag","embeddable":true,"href":"https:\/\/zjarr.tv\/sq\/wp-json\/wp\/v2\/tags?post=176728"}],"curies":[{"name":"wp","href":"https:\/\/api.w.org\/{rel}","templated":true}]}}