{"id":176736,"date":"2021-04-10T12:06:43","date_gmt":"2021-04-10T10:06:43","guid":{"rendered":"https:\/\/zjarr.tv\/?p=176736"},"modified":"2021-04-10T12:07:09","modified_gmt":"2021-04-10T10:07:09","slug":"balluku-harron-trafikun-e-tiranes-i-perkushtohet-aeroportit-te-kukesit-dhe-rruges-se-arbrit-ja-per-sa-minuta-mberriti-ne-mat-nje-person-qe-u-nis-nga-kombinati","status":"publish","type":"post","link":"https:\/\/zjarr.tv\/sq\/balluku-harron-trafikun-e-tiranes-i-perkushtohet-aeroportit-te-kukesit-dhe-rruges-se-arbrit-ja-per-sa-minuta-mberriti-ne-mat-nje-person-qe-u-nis-nga-kombinati\/","title":{"rendered":"Balluku harron trafikun e Tiran\u00ebs, i p\u00ebrkushtohet aeroportit t\u00eb Kuk\u00ebsit dhe rrug\u00ebs s\u00eb Arbrit: Ja p\u00ebr sa minuta mb\u00ebrriti n\u00eb Mat nj\u00eb person q\u00eb u nis nga Kombinati\u2026"},"content":{"rendered":"<p>Ministrja Belinda Balluku, ka deklaruar se pas pak dit\u00ebsh, do t\u00eb p\u00ebrfundojn\u00eb punimet p\u00ebr aeroportin e Kuk\u00ebsit dhe do t\u00eb realizohet fluturimi i par\u00eb. Gjat\u00eb prezantimit si kandidate p\u00ebr deputete nga drejtuesi politik i PS n\u00eb Tiran\u00eb, Erion Veliaj, Ministrja Balluku, u shpreh se ky fluturim n\u00eb aeroportin e Kuk\u00ebsit, do t\u00eb realizohet m\u00eb dat\u00eb 18 Prill.<\/p>\n<p><em>\u201cP\u00ebr pak dit\u00eb dor\u00ebzojm\u00eb aeroportin e Kuk\u00ebsit. N\u00eb dat\u00eb 18 Prill do t\u00eb kemi fluturimin e par\u00eb atje dhe dua q\u00eb t\u00eb shikoj shum\u00eb t\u00eb gjith\u00eb ata q\u00eb fol\u00ebn p\u00ebr projekte 3D dhe foto t\u00eb marra nga projekte t\u00eb tjera se \u00e7far\u00eb do t\u00eb thon\u00eb kur Air Albania t\u00eb ulet atje me 132 kuksian\u00ebt\u201d,<\/em>\u00a0deklaroi Belinda Balluku.<\/p>\n<p>Gjithashtu, Ministrja foli edhe p\u00ebr rrug\u00ebn e Arbrit dhe distanc\u00ebn q\u00eb ka shkurtuar ky projekt. Balluku, duke harruar trafikun e Tiran\u00ebs tha se disa persona, kan\u00eb mb\u00ebrritur nga Kombinati dhe kan\u00eb shkuar p\u00ebr 44 minuta n\u00eb Mat.<\/p>\n<p><em>\u201cPavar\u00ebsisht se rruga e Arbrit nuk \u00ebsht\u00eb hapur, por me d\u00ebshir\u00ebn e madhe p\u00ebr ta aksesuar, kam bindur at\u00eb rojen q\u00eb mban traun e rrug\u00ebs s\u00eb re q\u00eb t\u00eb kalojn\u00eb dhe un\u00eb kam d\u00ebshmi t\u00eb v\u00ebrteta t\u00eb k\u00ebtyre njer\u00ebzve t\u00eb cil\u00ebt m\u00eb kan\u00eb treguar se si p\u00ebr 44 minuta jan\u00eb nisur nga Kombinati dhe kan\u00eb arritur n\u00eb sht\u00ebpin\u00eb e tyre n\u00eb Mat. Dhe kan\u00eb b\u00ebr\u00eb edhe llogarit\u00eb e naft\u00ebs q\u00eb u ka kushtuar 7 mij\u00eb Lek\u00eb t\u00eb vjetra nga sht\u00ebpia e tyre deri n\u00eb sht\u00ebpin\u00eb e prind\u00ebrve\u201d<\/em>,\u00a0tha ajo.<\/p>\n<p>Po ashtu ajo tha se n\u00eb 14 Prill, pritet t\u00eb dor\u00ebzohet nga kompania q\u00eb po b\u00ebn spitalin e Fierit.<\/p>\n<p>&nbsp;<\/p>\n","protected":false},"excerpt":{"rendered":"<p>Ministrja Belinda Balluku, ka deklaruar se pas pak dit\u00ebsh, do t\u00eb p\u00ebrfundojn\u00eb punimet p\u00ebr aeroportin e Kuk\u00ebsit dhe do t\u00eb realizohet fluturimi i par\u00eb. Gjat\u00eb prezantimit si kandidate p\u00ebr deputete nga drejtuesi politik i PS n\u00eb Tiran\u00eb, Erion Veliaj, Ministrja Balluku, u shpreh se ky fluturim n\u00eb aeroportin e Kuk\u00ebsit, do t\u00eb realizohet m\u00eb dat\u00eb [&hellip;]<\/p>\n","protected":false},"author":2016,"featured_media":176739,"comment_status":"closed","ping_status":"closed","sticky":false,"template":"","format":"standard","meta":{"footnotes":""},"categories":[241],"tags":[2291],"class_list":{"0":"post-176736","1":"post","2":"type-post","3":"status-publish","4":"format-standard","5":"has-post-thumbnail","7":"category-aktualitet","8":"tag-lajme-zjarr-balluku-i-perkushtohet-aeroportit-te-kukesit-zjarr-tv"},"_links":{"self":[{"href":"https:\/\/zjarr.tv\/sq\/wp-json\/wp\/v2\/posts\/176736","targetHints":{"allow":["GET"]}}],"collection":[{"href":"https:\/\/zjarr.tv\/sq\/wp-json\/wp\/v2\/posts"}],"about":[{"href":"https:\/\/zjarr.tv\/sq\/wp-json\/wp\/v2\/types\/post"}],"author":[{"embeddable":true,"href":"https:\/\/zjarr.tv\/sq\/wp-json\/wp\/v2\/users\/2016"}],"replies":[{"embeddable":true,"href":"https:\/\/zjarr.tv\/sq\/wp-json\/wp\/v2\/comments?post=176736"}],"version-history":[{"count":0,"href":"https:\/\/zjarr.tv\/sq\/wp-json\/wp\/v2\/posts\/176736\/revisions"}],"wp:featuredmedia":[{"embeddable":true,"href":"https:\/\/zjarr.tv\/sq\/wp-json\/wp\/v2\/media\/176739"}],"wp:attachment":[{"href":"https:\/\/zjarr.tv\/sq\/wp-json\/wp\/v2\/media?parent=176736"}],"wp:term":[{"taxonomy":"category","embeddable":true,"href":"https:\/\/zjarr.tv\/sq\/wp-json\/wp\/v2\/categories?post=176736"},{"taxonomy":"post_tag","embeddable":true,"href":"https:\/\/zjarr.tv\/sq\/wp-json\/wp\/v2\/tags?post=176736"}],"curies":[{"name":"wp","href":"https:\/\/api.w.org\/{rel}","templated":true}]}}