{"id":176749,"date":"2021-04-10T12:42:41","date_gmt":"2021-04-10T10:42:41","guid":{"rendered":"https:\/\/zjarr.tv\/?p=176749"},"modified":"2021-04-10T12:43:09","modified_gmt":"2021-04-10T10:43:09","slug":"nervozohet-drejtori-i-zjarrfikeses-gjirokaster-ki-kujdes-me-mua-mos-me-permend-salcen-e-kosit-i-solli-bashkia-i-magazinuam-ketu","status":"publish","type":"post","link":"https:\/\/zjarr.tv\/sq\/nervozohet-drejtori-i-zjarrfikeses-gjirokaster-ki-kujdes-me-mua-mos-me-permend-salcen-e-kosit-i-solli-bashkia-i-magazinuam-ketu\/","title":{"rendered":"Nervozohet drejtori i Zjarrfik\u00ebses Gjirokast\u00ebr: Ki kujdes me mua, mos m\u00eb p\u00ebrmend salc\u00ebn e kosit, i solli bashkia, i magazinuam k\u00ebtu\u2026"},"content":{"rendered":"<p>\u201cBledi \u00c7u\u00e7i mbush magazinat plot me ndihma, p\u00ebr familjet n\u00eb nevoj\u00eb n\u00eb k\u00ebmbim t\u00eb vot\u00ebs\u201d. Ishte nj\u00eb denoncim i Vangjel Tavos, udh\u00ebheq\u00ebsi i list\u00ebs s\u00eb LSI-s\u00eb p\u00ebr kandidat n\u00eb qarkun e Gjirokastr\u00ebs, q\u00eb turbulloi uj\u00ebrat m\u00ebngjesin e sot\u00ebm n\u00eb qytetin e gurt\u00eb.<\/p>\n<p>Por nga kush mb\u00ebrrit\u00ebn ndihmat dhe cili ishte destinacioni dhe q\u00ebllimi i tyre?<\/p>\n<p>N\u00eb nj\u00eb prononcim p\u00ebr gazetaren Ervina Shehaj, drejtori i magazinave t\u00eb Zjarrfik\u00ebses Kujtim Bizhga, tha se k\u00ebto ndihma ishin donacion i huaj.<\/p>\n<p>\u201c<em>K\u00ebto jan\u00eb ushqimore t\u00eb mbyllura n\u00eb kuti, nuk e di se \u00e7far\u00eb ka dhe jan\u00eb t\u00eb Bashkis\u00eb. Ne k\u00ebtu kemi mjetet e zjarrfik\u00ebses, mjetet tona. I magazinuam k\u00ebtu derisa bashkia t\u2019u gjej\u00eb nj\u00eb vend p\u00ebr magazinim<\/em>\u201d, tha Bizhga i cili nuk e fshehu irritimin ndaj pyetjeve t\u00eb gazetares Shehaj se \u00e7far\u00eb paketimesh jan\u00eb k\u00ebto, kur b\u00ebhet fjal\u00eb dhe p\u00ebr produkte bulmeti t\u00eb cilat e kan\u00eb rezistenc\u00ebn n\u00eb pak dit\u00eb.<\/p>\n<p>\u201cSalc\u00ebn e kosit n\u00eb qoft\u00ebse e do mund ta gjesh, ik merre ku t\u00eb duash ti. Mos m\u00eb trego salc\u00eb kosi mua. D\u00ebgjo mos fol me salc\u00eb kosi me mua, si\u00e7 po t\u00eb flas seriozisht, t\u00eb m\u00eb flas\u00ebsh seriozisht, dakord? Edhe kur t\u00eb flas\u00ebsh me mua ki kujdes sepse un\u00eb nuk jam nga ata q\u00eb ti fsheh gj\u00ebrat as mediave, asnj\u00ebrit, mir\u00eb?\u201d, ka th\u00ebn\u00eb ai me nj\u00eb ton intimidues.<\/p>\n<p>Nd\u00ebrsa drejtori i Zjarrfik\u00ebses Kujtim Bizhga, nuk e di se cili \u00ebsht\u00eb destinacioni i k\u00ebtyre produkteve asnj\u00eb reagim nuk ka ardhur nga Bashkia e Gjirokastr\u00ebs, n\u00eb lidhje me pyetjet: Nga kush erdh\u00ebn dhe ku do t\u00eb shkojn\u00eb k\u00ebto ushqime gati 2 jav\u00eb para zgjedhjeve parlamentare?<\/p>\n<p>&nbsp;<\/p>\n","protected":false},"excerpt":{"rendered":"<p>\u201cBledi \u00c7u\u00e7i mbush magazinat plot me ndihma, p\u00ebr familjet n\u00eb nevoj\u00eb n\u00eb k\u00ebmbim t\u00eb vot\u00ebs\u201d. Ishte nj\u00eb denoncim i Vangjel Tavos, udh\u00ebheq\u00ebsi i list\u00ebs s\u00eb LSI-s\u00eb p\u00ebr kandidat n\u00eb qarkun e Gjirokastr\u00ebs, q\u00eb turbulloi uj\u00ebrat m\u00ebngjesin e sot\u00ebm n\u00eb qytetin e gurt\u00eb. Por nga kush mb\u00ebrrit\u00ebn ndihmat dhe cili ishte destinacioni dhe q\u00ebllimi i tyre? [&hellip;]<\/p>\n","protected":false},"author":2016,"featured_media":176751,"comment_status":"closed","ping_status":"closed","sticky":false,"template":"","format":"standard","meta":{"footnotes":""},"categories":[241],"tags":[2294],"class_list":{"0":"post-176749","1":"post","2":"type-post","3":"status-publish","4":"format-standard","5":"has-post-thumbnail","7":"category-aktualitet","8":"tag-lajme-zjarr-nervozohet-drejtori-zjarr-tv"},"_links":{"self":[{"href":"https:\/\/zjarr.tv\/sq\/wp-json\/wp\/v2\/posts\/176749","targetHints":{"allow":["GET"]}}],"collection":[{"href":"https:\/\/zjarr.tv\/sq\/wp-json\/wp\/v2\/posts"}],"about":[{"href":"https:\/\/zjarr.tv\/sq\/wp-json\/wp\/v2\/types\/post"}],"author":[{"embeddable":true,"href":"https:\/\/zjarr.tv\/sq\/wp-json\/wp\/v2\/users\/2016"}],"replies":[{"embeddable":true,"href":"https:\/\/zjarr.tv\/sq\/wp-json\/wp\/v2\/comments?post=176749"}],"version-history":[{"count":0,"href":"https:\/\/zjarr.tv\/sq\/wp-json\/wp\/v2\/posts\/176749\/revisions"}],"wp:featuredmedia":[{"embeddable":true,"href":"https:\/\/zjarr.tv\/sq\/wp-json\/wp\/v2\/media\/176751"}],"wp:attachment":[{"href":"https:\/\/zjarr.tv\/sq\/wp-json\/wp\/v2\/media?parent=176749"}],"wp:term":[{"taxonomy":"category","embeddable":true,"href":"https:\/\/zjarr.tv\/sq\/wp-json\/wp\/v2\/categories?post=176749"},{"taxonomy":"post_tag","embeddable":true,"href":"https:\/\/zjarr.tv\/sq\/wp-json\/wp\/v2\/tags?post=176749"}],"curies":[{"name":"wp","href":"https:\/\/api.w.org\/{rel}","templated":true}]}}