{"id":176759,"date":"2021-04-10T13:29:33","date_gmt":"2021-04-10T11:29:33","guid":{"rendered":"https:\/\/zjarr.tv\/?p=176759"},"modified":"2021-04-10T13:29:33","modified_gmt":"2021-04-10T11:29:33","slug":"veliaj-me-ministren-balluku-ne-kombinat-do-jete-qyteti-i-endrrave","status":"publish","type":"post","link":"https:\/\/zjarr.tv\/sq\/veliaj-me-ministren-balluku-ne-kombinat-do-jete-qyteti-i-endrrave\/","title":{"rendered":"Veliaj me ministren Balluku n\u00eb Kombinat: Do jet\u00eb qyteti i \u00ebndrrave"},"content":{"rendered":"<p>\u201cN\u00eb lagjen e projektuar nga Marco Casamonti edhe nj\u00eb xhami e re\u201d<\/p>\n<p>Ministrja e Energjis\u00eb dhe Infrastruktur\u00ebs, Belinda Balluku fushat\u00ebn e saj p\u00ebr zgjedhjet e 25 Prillit po e zhvillon n\u00eb Kombinat, nj\u00eb prej zonave m\u00eb t\u00eb prekura nga t\u00ebrmeti i 26 n\u00ebntorit 2019. Kryetari i Bashkis\u00eb, Erion Veliaj, nj\u00ebher\u00ebsh dhe drejtues politik i Partis\u00eb Socialiste p\u00ebr Qarkun e Tiran\u00ebs, gjat\u00eb nj\u00eb takimi prezantues t\u00eb saj me banor\u00ebt e Nj\u00ebsis\u00eb 6 u shpreh se edhe pse ka nj\u00eb prej portofoleve m\u00eb t\u00eb v\u00ebshtira n\u00eb kabinetin qeveris\u00ebs, Belinda po p\u00ebrballet edhe me nj\u00eb prej zonave m\u00eb sfiduese, sa i takon procesit t\u00eb rind\u00ebrtimit.<\/p>\n<p><em>\u201cJam shum\u00eb krenar p\u00ebr Belind\u00ebn dhe besoj q\u00eb kemi sjell\u00eb goc\u00ebn ton\u00eb m\u00eb t\u00eb mir\u00eb n\u00eb Kombinat, sepse \u00ebsht\u00eb edhe puna m\u00eb e v\u00ebshtir\u00eb. \u00cbsht\u00eb dhe sfida m\u00eb e madhe. Ka nj\u00eb nga portofolet m\u00eb t\u00eb v\u00ebshtira n\u00eb qeverin\u00eb ton\u00eb, do t\u00eb duhet t\u00eb p\u00ebrballet me sfida q\u00eb nuk jan\u00eb t\u00eb lehta, por n\u00ebse nuk do e besoja nuk do e thoja, kemi njeriun m\u00eb t\u00eb mir\u00eb p\u00ebr sfid\u00ebn m\u00eb t\u00eb madhe n\u00eb t\u00eb gjith\u00eb territorin e Tiran\u00ebs, q\u00eb \u00ebsht\u00eb zona e Kombinatit,\u201d<\/em> tha Veliaj.<\/p>\n<p>Balluku ka shpjeguar banor\u00ebt se si do t\u00eb jet\u00eb lagjja e re e projektuar n\u00eb Programin e Rind\u00ebrtimit, e cila do t\u00eb marr\u00eb emrin \u201cKombinart\u201d. \u201c<em>K\u00ebt\u00eb lagje e ka projektuar Marco Casamonti, nj\u00eb nga arkitekt\u00ebt m\u00eb t\u00eb njohur n\u00eb bot\u00eb, i cili ka b\u00ebr\u00eb dhe dizajnin e stadiumit \u201cQemal Stafa\u201d dhe t\u00eb Aeroportit t\u00eb Vlor\u00ebs. Do jet\u00eb qyteti i \u00ebndrrave, por mbi t\u00eb gjitha ai do jet\u00eb streha m\u00eb e re dhe m\u00eb moderne e familjeve t\u00eb cilat kan\u00eb humbur sht\u00ebpit\u00eb nga t\u00ebrmeti,\u201d tha Balluku, duke ve\u00e7uar faktin ende jo shum\u00eb njohur t\u00eb ngritjes edhe t\u00eb dy objekteve t\u00eb reja t\u00eb kultit. \u201cKemi menduar edhe p\u00ebr nj\u00eb xhami t\u00eb re n\u00eb lagjen e Kombinatit. E kemi diskutuar edhe m\u00eb gjer\u00eb me komunitetin mysliman dhe \u00ebsht\u00eb p\u00ebrfshir\u00eb brenda projektit t\u00eb Casamontit. N\u00eb dit\u00ebt n\u00eb vazhdim edhe vet\u00eb imam\u00ebt k\u00ebtu n\u00eb Kombinat do ken\u00eb mund\u00ebsi q\u00eb ta b\u00ebjn\u00eb publike k\u00ebt\u00eb vep\u00ebr<\/em>,\u201d tha ajo.<\/p>\n<p>Ministrja i \u00ebsht\u00eb p\u00ebrgjigjur edhe nj\u00eb prej shqet\u00ebsimeve t\u00eb ngritura shpesh sa i takon nd\u00ebrtimeve t\u00eb reja, t\u00eb cilat banor\u00ebt kan\u00eb k\u00ebrkuar q\u00eb t\u00eb jen\u00eb n\u00eb po ato pozicione ku po shemben pallatet e d\u00ebmtuara nga t\u00ebrmeti.<\/p>\n<p>\u201c<em>\u00cbsht\u00eb nj\u00eb debat i nxitur edhe nga politika. Arsyeja pse po spostohemi me nd\u00ebrtimet e reja \u00ebsht\u00eb se disa pallate ndodhen n\u00eb nj\u00eb formacion gjeologjik t\u00eb paq\u00ebndruesh\u00ebm dhe k\u00ebt\u00eb duhet ta kuptojm\u00eb pasi \u00ebsht\u00eb shum\u00eb e r\u00ebnd\u00ebsishme. N\u00ebse nuk po nd\u00ebrtojm\u00eb n\u00eb t\u00eb nj\u00ebjtat pozicione pallate n\u00eb Kombinat, por kemi vendosur q\u00eb t\u00eb zhvillojm\u00eb k\u00ebt\u00eb polin e ri t\u00eb \u201cKombinart\u201d \u00ebsht\u00eb p\u00ebr shkak se ato pozicione kan\u00eb nj\u00eb reliev gjeologjik t\u00eb paq\u00ebndruesh\u00ebm,<\/em>\u201d shpjegoi Balluku.<\/p>\n","protected":false},"excerpt":{"rendered":"<p>\u201cN\u00eb lagjen e projektuar nga Marco Casamonti edhe nj\u00eb xhami e re\u201d Ministrja e Energjis\u00eb dhe Infrastruktur\u00ebs, Belinda Balluku fushat\u00ebn e saj p\u00ebr zgjedhjet e 25 Prillit po e zhvillon n\u00eb Kombinat, nj\u00eb prej zonave m\u00eb t\u00eb prekura nga t\u00ebrmeti i 26 n\u00ebntorit 2019. Kryetari i Bashkis\u00eb, Erion Veliaj, nj\u00ebher\u00ebsh dhe drejtues politik i Partis\u00eb [&hellip;]<\/p>\n","protected":false},"author":2030,"featured_media":176760,"comment_status":"closed","ping_status":"closed","sticky":false,"template":"","format":"standard","meta":{"footnotes":""},"categories":[241,1454],"tags":[451,2295,329],"class_list":{"0":"post-176759","1":"post","2":"type-post","3":"status-publish","4":"format-standard","5":"has-post-thumbnail","7":"category-aktualitet","8":"category-politike","9":"tag-lajme-zjarr","10":"tag-veliaj-me-ministren-balluku-ne-kombinat","11":"tag-zjarr-tv"},"_links":{"self":[{"href":"https:\/\/zjarr.tv\/sq\/wp-json\/wp\/v2\/posts\/176759","targetHints":{"allow":["GET"]}}],"collection":[{"href":"https:\/\/zjarr.tv\/sq\/wp-json\/wp\/v2\/posts"}],"about":[{"href":"https:\/\/zjarr.tv\/sq\/wp-json\/wp\/v2\/types\/post"}],"author":[{"embeddable":true,"href":"https:\/\/zjarr.tv\/sq\/wp-json\/wp\/v2\/users\/2030"}],"replies":[{"embeddable":true,"href":"https:\/\/zjarr.tv\/sq\/wp-json\/wp\/v2\/comments?post=176759"}],"version-history":[{"count":0,"href":"https:\/\/zjarr.tv\/sq\/wp-json\/wp\/v2\/posts\/176759\/revisions"}],"wp:featuredmedia":[{"embeddable":true,"href":"https:\/\/zjarr.tv\/sq\/wp-json\/wp\/v2\/media\/176760"}],"wp:attachment":[{"href":"https:\/\/zjarr.tv\/sq\/wp-json\/wp\/v2\/media?parent=176759"}],"wp:term":[{"taxonomy":"category","embeddable":true,"href":"https:\/\/zjarr.tv\/sq\/wp-json\/wp\/v2\/categories?post=176759"},{"taxonomy":"post_tag","embeddable":true,"href":"https:\/\/zjarr.tv\/sq\/wp-json\/wp\/v2\/tags?post=176759"}],"curies":[{"name":"wp","href":"https:\/\/api.w.org\/{rel}","templated":true}]}}