{"id":176763,"date":"2021-04-10T13:36:22","date_gmt":"2021-04-10T11:36:22","guid":{"rendered":"https:\/\/zjarr.tv\/?p=176763"},"modified":"2021-04-10T13:36:22","modified_gmt":"2021-04-10T11:36:22","slug":"tritan-shehu-ngre-dyshime-shifrat-e-te-infektuarve-me-koronavirus-u-ulen-si-me-magji-ditet-e-fundit-celesi-i-rames-po-ben-punen-e-vet","status":"publish","type":"post","link":"https:\/\/zjarr.tv\/sq\/tritan-shehu-ngre-dyshime-shifrat-e-te-infektuarve-me-koronavirus-u-ulen-si-me-magji-ditet-e-fundit-celesi-i-rames-po-ben-punen-e-vet\/","title":{"rendered":"Tritan Shehu ngre dyshime: Shifrat e t\u00eb infektuarve me koronavirus , u ul\u00ebn \u2018si me magji\u2019 dit\u00ebt e fundit, \u2018\u00e7el\u00ebsi i Ram\u00ebs\u2019 po b\u00ebn pun\u00ebn e vet\u2026"},"content":{"rendered":"<p>Tritan Shehu, ish-minist\u00ebr dhe kandidat\u00eb p\u00ebr deputet i PD, hedh dyshime lidhur me t\u00eb dh\u00ebnat mbi numrin e t\u00eb infektuarve me koronavirus n\u00eb vendin ton\u00eb. Sipas tij, dit\u00ebt e fundit \u201cshifrat e infektimeve po ulen si me magji\u201d.<\/p>\n<p>Shehu akuzon kryeministrin dhe thot\u00eb se pas uljes se shifrave q\u00ebndron \u2018\u00e7el\u00ebsi i Edi Ram\u00ebs\u2019, i cili p\u00ebr t\u00eb lumturuar qytetar\u00ebt ka deklaruar se do t\u00eb ul\u00eb nivelin e masave kufizuese, nd\u00ebrkoh\u00eb vendi \u00ebsht\u00eb i mbushur me t\u00eb s\u00ebmur\u00eb.<\/p>\n<p><strong>Postimi i plot\u00eb i Tritan Shehut:<\/strong><\/p>\n<p><em>Te dhenat Covid po i \u201clevizin\u201d rrezikshem sipas interesit elektoral. Shqiperia ndodhet ne nje paradoks te dhenash zyrtare per numrin e rasteve te reja te \u201ckonstatuara\u201d! Per nje kohe te gjate vendi u ballafaqua me shifra nga me te lartat ne bote rastesh te reja, perqindje pozitiviteti te testimeve e vdekjesh. Vdekjet shtese per periudhen Mars 2020- Mars 2021 kane arritur numrin e frikeshem 9200.<\/em><\/p>\n<p><em>Ditet e fundit si me \u201cmagji\u201d keto shifra u \u201culen\u201d ne menyre drastike, aspak logjike e aspak lineare edhe me uljen absurde se testimeve! Dhe per cudi kjo korespondon me fillimin e atij vaksinimi te pa sigurte dhe me \u201cpikatore\u201d, si dhe me afrimin e dites se zgjedhjeve!<\/em><\/p>\n<p><em>Sot Shqiperia eshte ne nivelin e 8,3 injeksionesh (jo vaksinimi te plote) per 100 banore, nen mesataren boterore, e renditur midis vendeve te Afrikes, pra rreth 20 here larg nivelit te imunizimit. Nderkaq ne vendet pereth perfshi Kosoven, si edhe ne ato me nje numer vaksinimi shume here me te larte vaksinash te sigurta, ka rritje te infeksioneve, shqetesim te thelle e forcim te masave.<\/em><\/p>\n<p><em>Ne keto kushte sic duket \u201cCelesi\u201d i Rames poshte tavolines perseri po ben punen e tij ne kete periudhe elektorale, kur po te pyesesh ne terren konstaton te krejt te kunderten:\u2014Vendi eshte plot me te semure, shtepite jane kthyer ne spitale. Por Rama, ashtu si veproi edhe muaj me pare, ne menyren me te pa pergjegjeshme, duke dashur keto dite te \u201c kendoje fitore\u201d ndersa ka deshtuar, deklaron se per te lumturar qytetaret do te ule edhe nivelin e masave kufizuese!<\/em><\/p>\n<p><em>Tragjiko- komedi e vertete kjo shume e rrezikshme, cfare po ndodh tek neve ne kete prag 25 Prilli kur Kryeministri per te fshehur deshtimin, tashme si i mbyturi kerkon te kapet mbas flokeve te tij! Dhe per ta mbyllur nje pyetje, po Komiteti e deri Prokuroria ku jane strukur?<\/em><\/p>\n<p><strong>\u00a0<\/strong><\/p>\n","protected":false},"excerpt":{"rendered":"<p>Tritan Shehu, ish-minist\u00ebr dhe kandidat\u00eb p\u00ebr deputet i PD, hedh dyshime lidhur me t\u00eb dh\u00ebnat mbi numrin e t\u00eb infektuarve me koronavirus n\u00eb vendin ton\u00eb. Sipas tij, dit\u00ebt e fundit \u201cshifrat e infektimeve po ulen si me magji\u201d. Shehu akuzon kryeministrin dhe thot\u00eb se pas uljes se shifrave q\u00ebndron \u2018\u00e7el\u00ebsi i Edi Ram\u00ebs\u2019, i cili [&hellip;]<\/p>\n","protected":false},"author":2030,"featured_media":176764,"comment_status":"closed","ping_status":"closed","sticky":false,"template":"","format":"standard","meta":{"footnotes":""},"categories":[241],"tags":[451,2296,329],"class_list":{"0":"post-176763","1":"post","2":"type-post","3":"status-publish","4":"format-standard","5":"has-post-thumbnail","7":"category-aktualitet","8":"tag-lajme-zjarr","9":"tag-tritan-shehu-ngre-dyshime","10":"tag-zjarr-tv"},"_links":{"self":[{"href":"https:\/\/zjarr.tv\/sq\/wp-json\/wp\/v2\/posts\/176763","targetHints":{"allow":["GET"]}}],"collection":[{"href":"https:\/\/zjarr.tv\/sq\/wp-json\/wp\/v2\/posts"}],"about":[{"href":"https:\/\/zjarr.tv\/sq\/wp-json\/wp\/v2\/types\/post"}],"author":[{"embeddable":true,"href":"https:\/\/zjarr.tv\/sq\/wp-json\/wp\/v2\/users\/2030"}],"replies":[{"embeddable":true,"href":"https:\/\/zjarr.tv\/sq\/wp-json\/wp\/v2\/comments?post=176763"}],"version-history":[{"count":0,"href":"https:\/\/zjarr.tv\/sq\/wp-json\/wp\/v2\/posts\/176763\/revisions"}],"wp:featuredmedia":[{"embeddable":true,"href":"https:\/\/zjarr.tv\/sq\/wp-json\/wp\/v2\/media\/176764"}],"wp:attachment":[{"href":"https:\/\/zjarr.tv\/sq\/wp-json\/wp\/v2\/media?parent=176763"}],"wp:term":[{"taxonomy":"category","embeddable":true,"href":"https:\/\/zjarr.tv\/sq\/wp-json\/wp\/v2\/categories?post=176763"},{"taxonomy":"post_tag","embeddable":true,"href":"https:\/\/zjarr.tv\/sq\/wp-json\/wp\/v2\/tags?post=176763"}],"curies":[{"name":"wp","href":"https:\/\/api.w.org\/{rel}","templated":true}]}}