{"id":176768,"date":"2021-04-10T13:41:37","date_gmt":"2021-04-10T11:41:37","guid":{"rendered":"https:\/\/zjarr.tv\/?p=176768"},"modified":"2021-04-10T13:41:37","modified_gmt":"2021-04-10T11:41:37","slug":"meta-i-shpreh-ngushellimet-familjes-mbreterore-per-ndarjen-nga-jeta-te-princ-philip-lutemi-qe-shpirti-i-tij-te-prehet-ne-paqe","status":"publish","type":"post","link":"https:\/\/zjarr.tv\/sq\/meta-i-shpreh-ngushellimet-familjes-mbreterore-per-ndarjen-nga-jeta-te-princ-philip-lutemi-qe-shpirti-i-tij-te-prehet-ne-paqe\/","title":{"rendered":"Meta i shpreh ngush\u00ebllimet familjes mbret\u00ebrore, p\u00ebr ndarjen nga jeta t\u00eb Princ Philip: Lutemi q\u00eb shpirti i tij t\u00eb prehet n\u00eb paqe"},"content":{"rendered":"<p>Presidenti Ilir Meta p\u00ebrmes nj\u00eb postimi ka shprehur ngush\u00ebllime p\u00ebr ndarjen nga jeta t\u00eb Princ Philip.<\/p>\n<p>Meta shkruan se ky lajm ka qen\u00eb i trushtuesh\u00ebm dhe do t\u00eb lutet q\u00eb shpirti i tij t\u00eb prehet n\u00eb paqe.<\/p>\n<p><em>\u201cI trishtuesh\u00ebm lajmi i ndarjes nga jeta i Lart\u00ebsis\u00eb s\u00eb Tij Mbret\u00ebrore Princit Philip, Duk\u00ebs s\u00eb Edinburgut, bashk\u00ebshorti i Madh\u00ebris\u00eb s\u00eb Saj Mbret\u00ebresh\u00ebs Elizabet\u00eb dhe nj\u00eb figur\u00eb kryesore n\u00eb familjen mbret\u00ebrore britanike prej gati shtat\u00eb dekadash.<\/em><\/p>\n<p><em>Duka i Edinburgut, i q\u00ebndroi pran\u00eb bashk\u00ebshortes gjat\u00eb gjith\u00eb mbret\u00ebrimit t\u00eb saj 69-vje\u00e7ar, m\u00eb i gjati n\u00eb historin\u00eb britanike, duke luajtur nj\u00eb rol kryesor sidomos n\u00eb periudh\u00ebn e pas Luft\u00ebs s\u00eb Dyt\u00eb Bot\u00ebrore dhe p\u00ebrkushtuar n\u00eb veprimtarit\u00eb e tij shembullore humanitare.<\/em><\/p>\n<p><em>Duke u shprehur ngush\u00ebllimet e mia dhe t\u00eb popullit shqiptar Madh\u00ebris\u00eb s\u00eb Saj, Familjes Mbret\u00ebrore dhe popullin britanik, lutemi q\u00eb shpirti i Tij t\u00eb prehet n\u00eb paqe!\u201d-<\/em> shkruan Meta n\u00eb Facebook.<\/p>\n<p>Princ Philip u nda nga jeta dit\u00ebn e djeshme n\u00eb mosh\u00ebn 99-vje\u00e7are duke l\u00ebn\u00eb pas nj\u00eb dhimbje t\u00eb madhe jo vet\u00ebm p\u00ebr familjen mbret\u00ebrore por p\u00ebr t\u00eb gjith\u00eb qytetar\u00ebt.<\/p>\n","protected":false},"excerpt":{"rendered":"<p>Presidenti Ilir Meta p\u00ebrmes nj\u00eb postimi ka shprehur ngush\u00ebllime p\u00ebr ndarjen nga jeta t\u00eb Princ Philip. Meta shkruan se ky lajm ka qen\u00eb i trushtuesh\u00ebm dhe do t\u00eb lutet q\u00eb shpirti i tij t\u00eb prehet n\u00eb paqe. \u201cI trishtuesh\u00ebm lajmi i ndarjes nga jeta i Lart\u00ebsis\u00eb s\u00eb Tij Mbret\u00ebrore Princit Philip, Duk\u00ebs s\u00eb Edinburgut, bashk\u00ebshorti [&hellip;]<\/p>\n","protected":false},"author":2030,"featured_media":176769,"comment_status":"closed","ping_status":"closed","sticky":false,"template":"","format":"standard","meta":{"footnotes":""},"categories":[241],"tags":[451,2297,329],"class_list":{"0":"post-176768","1":"post","2":"type-post","3":"status-publish","4":"format-standard","5":"has-post-thumbnail","7":"category-aktualitet","8":"tag-lajme-zjarr","9":"tag-meta-i-shpreh-ngushellimet-familjes-mbreterore","10":"tag-zjarr-tv"},"_links":{"self":[{"href":"https:\/\/zjarr.tv\/sq\/wp-json\/wp\/v2\/posts\/176768","targetHints":{"allow":["GET"]}}],"collection":[{"href":"https:\/\/zjarr.tv\/sq\/wp-json\/wp\/v2\/posts"}],"about":[{"href":"https:\/\/zjarr.tv\/sq\/wp-json\/wp\/v2\/types\/post"}],"author":[{"embeddable":true,"href":"https:\/\/zjarr.tv\/sq\/wp-json\/wp\/v2\/users\/2030"}],"replies":[{"embeddable":true,"href":"https:\/\/zjarr.tv\/sq\/wp-json\/wp\/v2\/comments?post=176768"}],"version-history":[{"count":0,"href":"https:\/\/zjarr.tv\/sq\/wp-json\/wp\/v2\/posts\/176768\/revisions"}],"wp:featuredmedia":[{"embeddable":true,"href":"https:\/\/zjarr.tv\/sq\/wp-json\/wp\/v2\/media\/176769"}],"wp:attachment":[{"href":"https:\/\/zjarr.tv\/sq\/wp-json\/wp\/v2\/media?parent=176768"}],"wp:term":[{"taxonomy":"category","embeddable":true,"href":"https:\/\/zjarr.tv\/sq\/wp-json\/wp\/v2\/categories?post=176768"},{"taxonomy":"post_tag","embeddable":true,"href":"https:\/\/zjarr.tv\/sq\/wp-json\/wp\/v2\/tags?post=176768"}],"curies":[{"name":"wp","href":"https:\/\/api.w.org\/{rel}","templated":true}]}}