{"id":176948,"date":"2021-04-11T17:04:15","date_gmt":"2021-04-11T15:04:15","guid":{"rendered":"https:\/\/zjarr.tv\/?p=176948"},"modified":"2021-04-11T17:04:15","modified_gmt":"2021-04-11T15:04:15","slug":"kerkesat-e-kontrolloreve-shqiptare-reagojne-koleget-europiane-do-te-mbajme-greve-per-ti-mbeshtetur","status":"publish","type":"post","link":"https:\/\/zjarr.tv\/sq\/kerkesat-e-kontrolloreve-shqiptare-reagojne-koleget-europiane-do-te-mbajme-greve-per-ti-mbeshtetur\/","title":{"rendered":"K\u00ebrkesat e kontrollor\u00ebve shqiptar\u00eb, reagojn\u00eb koleg\u00ebt europiane: Do t\u00eb mbajm\u00eb grev\u00eb p\u00ebr t\u2019i mb\u00ebshtetur"},"content":{"rendered":"<p>Kontrolloret \u00eburopiane do re bejne greve ne mbeshtetje te shqiprave.<\/p>\n<p>P\u00ebrsh\u00ebndetje Edmond, un\u00eb jam Volker, an\u00ebtar i ATCEUC EB.<\/p>\n<p>Un\u00eb e kuptoj plot\u00ebsisht gjendjen tuaj shpirt\u00ebrore dhe d\u00ebshir\u00ebn tuaj p\u00ebr t\u00eb vepruar n\u00eb veprimet e tmerrshme q\u00eb jan\u00eb b\u00ebr\u00eb ndaj koleg\u00ebve dhe miqve tan\u00eb n\u00eb Shqip\u00ebri. M\u00eb lejoni t\u2019ju siguroj, ne nuk po b\u00ebjm\u00eb asgj\u00eb. Nga p\u00ebrvoja e koleg\u00ebve tan\u00eb spanjoll\u00eb, ne kemi m\u00ebsuar se gj\u00ebrat q\u00eb i ndihmuan ata u b\u00ebn\u00eb n\u00eb heshtje. Ne jemi n\u00eb kontakt me komisionin evropian, po shtypim DGMove, ne kemi arritur t\u00eb marrim ndihm\u00eb nga t\u00eb pakt\u00ebn nj\u00eb an\u00ebtar i Parlamentit Evropian, ne jemi duke punuar p\u00ebr t\u00eb marr\u00eb m\u00eb shum\u00eb. Ne po shtyjm\u00eb linjat ajrore q\u00eb t\u00eb rrethojn\u00eb Shqip\u00ebrin\u00eb, ne pun\u00ebsojm\u00eb avokat\u00eb.<\/p>\n<p>Nj\u00eb grev\u00eb p\u00ebr t\u00eb solidarizuar me miqt\u00eb tan\u00eb do t\u00eb ishte e k\u00ebnaqshme p\u00ebr nj\u00eb moment t\u00eb shkurt\u00ebr, por do t\u00eb ishte e paligjshme n\u00eb shum\u00eb vende, duke nxitur hakmarrje nga qeverit\u00eb e tyre. Nj\u00ebkoh\u00ebsisht nuk duhet t\u00eb harrojm\u00eb, \u00ebsht\u00eb e v\u00ebrtet\u00eb q\u00eb vaksinat jan\u00eb transferuar n\u00eb shum\u00eb vende tani. T\u00eb shqet\u00ebsosh k\u00ebt\u00eb logjistik\u00eb do t\u00eb drejtoj\u00eb t\u00ebrbimin e shum\u00eb njer\u00ebzve drejt nesh ATCOs, duke i dh\u00ebn\u00eb qeveris\u00eb shqiptare kredi p\u00ebr at\u00eb q\u00eb po b\u00ebjn\u00eb. Ne duhet t\u00eb planifikojm\u00eb me kujdes hapat tan\u00eb p\u00ebr t\u00eb ndihmuar me t\u00eb v\u00ebrtet\u00eb miqt\u00eb tan\u00eb. S\u00eb shpejti do t\u00eb ket\u00eb nj\u00eb takim n\u00eb internet me t\u00eb gjitha sindikatat an\u00ebtare p\u00ebr t\u00eb diskutuar pik\u00ebrisht at\u00eb. Faleminderit p\u00ebr angazhimin tuaj dhe p\u00ebr mb\u00ebshtetjen e miqve tan\u00eb. Un\u00eb v\u00ebrtet e vler\u00ebsoj k\u00ebt\u00eb.<\/p>\n<p>&nbsp;<\/p>\n<p>&nbsp;<\/p>\n","protected":false},"excerpt":{"rendered":"<p>Kontrolloret \u00eburopiane do re bejne greve ne mbeshtetje te shqiprave. P\u00ebrsh\u00ebndetje Edmond, un\u00eb jam Volker, an\u00ebtar i ATCEUC EB. Un\u00eb e kuptoj plot\u00ebsisht gjendjen tuaj shpirt\u00ebrore dhe d\u00ebshir\u00ebn tuaj p\u00ebr t\u00eb vepruar n\u00eb veprimet e tmerrshme q\u00eb jan\u00eb b\u00ebr\u00eb ndaj koleg\u00ebve dhe miqve tan\u00eb n\u00eb Shqip\u00ebri. M\u00eb lejoni t\u2019ju siguroj, ne nuk po b\u00ebjm\u00eb asgj\u00eb. [&hellip;]<\/p>\n","protected":false},"author":2031,"featured_media":176452,"comment_status":"closed","ping_status":"closed","sticky":false,"template":"","format":"standard","meta":{"footnotes":""},"categories":[231],"tags":[2319,312,329],"class_list":{"0":"post-176948","1":"post","2":"type-post","3":"status-publish","4":"format-standard","5":"has-post-thumbnail","7":"category-lajme","8":"tag-kontrolloret","9":"tag-lajme","10":"tag-zjarr-tv"},"_links":{"self":[{"href":"https:\/\/zjarr.tv\/sq\/wp-json\/wp\/v2\/posts\/176948","targetHints":{"allow":["GET"]}}],"collection":[{"href":"https:\/\/zjarr.tv\/sq\/wp-json\/wp\/v2\/posts"}],"about":[{"href":"https:\/\/zjarr.tv\/sq\/wp-json\/wp\/v2\/types\/post"}],"author":[{"embeddable":true,"href":"https:\/\/zjarr.tv\/sq\/wp-json\/wp\/v2\/users\/2031"}],"replies":[{"embeddable":true,"href":"https:\/\/zjarr.tv\/sq\/wp-json\/wp\/v2\/comments?post=176948"}],"version-history":[{"count":0,"href":"https:\/\/zjarr.tv\/sq\/wp-json\/wp\/v2\/posts\/176948\/revisions"}],"wp:featuredmedia":[{"embeddable":true,"href":"https:\/\/zjarr.tv\/sq\/wp-json\/wp\/v2\/media\/176452"}],"wp:attachment":[{"href":"https:\/\/zjarr.tv\/sq\/wp-json\/wp\/v2\/media?parent=176948"}],"wp:term":[{"taxonomy":"category","embeddable":true,"href":"https:\/\/zjarr.tv\/sq\/wp-json\/wp\/v2\/categories?post=176948"},{"taxonomy":"post_tag","embeddable":true,"href":"https:\/\/zjarr.tv\/sq\/wp-json\/wp\/v2\/tags?post=176948"}],"curies":[{"name":"wp","href":"https:\/\/api.w.org\/{rel}","templated":true}]}}