{"id":176961,"date":"2021-04-11T17:42:18","date_gmt":"2021-04-11T15:42:18","guid":{"rendered":"https:\/\/zjarr.tv\/?p=176961"},"modified":"2021-04-11T17:42:18","modified_gmt":"2021-04-11T15:42:18","slug":"socialistet-promovim-kudo-veliaj-ve-ne-resht-per-nje-administratoret-e-pallateve-reklame-per-kandidatin-alqi-bllako","status":"publish","type":"post","link":"https:\/\/zjarr.tv\/sq\/socialistet-promovim-kudo-veliaj-ve-ne-resht-per-nje-administratoret-e-pallateve-reklame-per-kandidatin-alqi-bllako\/","title":{"rendered":"Socialist\u00ebt promovim kudo! Veliaj v\u00eb n\u00eb \u2018resht p\u00ebr nj\u00eb\u2019 administrator\u00ebt e pallateve, reklam\u00eb p\u00ebr kandidatin Alqi Bllako"},"content":{"rendered":"<p>Fushata elektorale p\u00ebr zgjedhjet parlamentare t\u00eb 25 prillit po vjen drejt fundit\u2026 Por socialist\u00ebt duket se kan\u00eb ndezur \u201cmotor\u00ebt\u201d m\u00eb fuqish\u00ebm duke reklamuar kandidat\u00ebt e tyre. S\u00eb fundmi edhe n\u00eb shkall\u00ebt e pallateve.<\/p>\n<p>Fotoja e m\u00ebposhtme \u00ebsht\u00eb shk\u00ebputur nga nj\u00eb hyrje n\u00eb Tiran\u00eb, ku n\u00eb korniz\u00ebn e shkall\u00ebs s\u00eb pallatit \u00ebsht\u00eb vendosur nj\u00eb fletushk\u00eb, n\u00eb t\u00eb cil\u00ebn qytetar\u00ebt ftohen q\u00eb t\u00eb votojn\u00eb Alqi Bllakon. Ky i fundit garon p\u00ebr nj\u00eb vend n\u00eb Kuvend n\u00eb list\u00ebn e Partis\u00eb Socialiste. Mesa duket kryebashkiaku i Tiran\u00ebs, Erion Veliaj ka v\u00ebn\u00eb n\u00eb \u201cresht p\u00ebr nj\u00eb\u201d t\u00eb gjith\u00eb administrator\u00ebt e shkall\u00ebve p\u00ebr t\u00eb lejuar t\u00eb gjith\u00eb \u201creklamimin\u201d e socialist\u00ebve, kudo dhe kurdo.<\/p>\n","protected":false},"excerpt":{"rendered":"<p>Fushata elektorale p\u00ebr zgjedhjet parlamentare t\u00eb 25 prillit po vjen drejt fundit\u2026 Por socialist\u00ebt duket se kan\u00eb ndezur \u201cmotor\u00ebt\u201d m\u00eb fuqish\u00ebm duke reklamuar kandidat\u00ebt e tyre. S\u00eb fundmi edhe n\u00eb shkall\u00ebt e pallateve. Fotoja e m\u00ebposhtme \u00ebsht\u00eb shk\u00ebputur nga nj\u00eb hyrje n\u00eb Tiran\u00eb, ku n\u00eb korniz\u00ebn e shkall\u00ebs s\u00eb pallatit \u00ebsht\u00eb vendosur nj\u00eb fletushk\u00eb, n\u00eb [&hellip;]<\/p>\n","protected":false},"author":2031,"featured_media":176962,"comment_status":"closed","ping_status":"closed","sticky":false,"template":"","format":"standard","meta":{"footnotes":""},"categories":[231],"tags":[312,369,329],"class_list":{"0":"post-176961","1":"post","2":"type-post","3":"status-publish","4":"format-standard","5":"has-post-thumbnail","7":"category-lajme","8":"tag-lajme","9":"tag-veliaj","10":"tag-zjarr-tv"},"_links":{"self":[{"href":"https:\/\/zjarr.tv\/sq\/wp-json\/wp\/v2\/posts\/176961","targetHints":{"allow":["GET"]}}],"collection":[{"href":"https:\/\/zjarr.tv\/sq\/wp-json\/wp\/v2\/posts"}],"about":[{"href":"https:\/\/zjarr.tv\/sq\/wp-json\/wp\/v2\/types\/post"}],"author":[{"embeddable":true,"href":"https:\/\/zjarr.tv\/sq\/wp-json\/wp\/v2\/users\/2031"}],"replies":[{"embeddable":true,"href":"https:\/\/zjarr.tv\/sq\/wp-json\/wp\/v2\/comments?post=176961"}],"version-history":[{"count":0,"href":"https:\/\/zjarr.tv\/sq\/wp-json\/wp\/v2\/posts\/176961\/revisions"}],"wp:featuredmedia":[{"embeddable":true,"href":"https:\/\/zjarr.tv\/sq\/wp-json\/wp\/v2\/media\/176962"}],"wp:attachment":[{"href":"https:\/\/zjarr.tv\/sq\/wp-json\/wp\/v2\/media?parent=176961"}],"wp:term":[{"taxonomy":"category","embeddable":true,"href":"https:\/\/zjarr.tv\/sq\/wp-json\/wp\/v2\/categories?post=176961"},{"taxonomy":"post_tag","embeddable":true,"href":"https:\/\/zjarr.tv\/sq\/wp-json\/wp\/v2\/tags?post=176961"}],"curies":[{"name":"wp","href":"https:\/\/api.w.org\/{rel}","templated":true}]}}