{"id":176965,"date":"2021-04-12T06:08:55","date_gmt":"2021-04-12T04:08:55","guid":{"rendered":"https:\/\/zjarr.tv\/?p=176965"},"modified":"2021-04-26T18:42:48","modified_gmt":"2021-04-26T16:42:48","slug":"brace-per-kontrolloretnuk-eshte-ceshtje-parash-por-ceshtje-besimi","status":"publish","type":"post","link":"https:\/\/zjarr.tv\/sq\/brace-per-kontrolloretnuk-eshte-ceshtje-parash-por-ceshtje-besimi\/","title":{"rendered":"Bra\u00e7e p\u00ebr kontrollor\u00ebt:Nuk \u00ebsht\u00eb \u00e7\u00ebshtje parash por \u00e7\u00ebshtje besimi"},"content":{"rendered":"<p>Zv.kryeministri Erion Bra\u00e7e ka shp\u00ebrndar\u00eb n\u00eb rrjetet sociale videon e nj\u00ebrit prej kontrollor\u00ebve t\u00eb aeroportit t\u00eb Rinasit, i cili n\u00eb nj\u00eb lidhje \u2018live\u2019 me emisionin \u2018Opinion\u2019 shp\u00ebrtheu n\u00eb nj\u00eb fjalor banal.<\/p>\n<p>Bra\u00e7e shkruan se ky \u00ebsht\u00eb nj\u00eb nga kontrollor\u00ebt dhe nuk \u00ebsht\u00eb \u00e7\u00ebshtje parash, por \u00ebsht\u00eb \u00e7\u00ebshtje besimi.<\/p>\n<p>\u201cPo pra ,ku eshte nje nga kontrolloret ajror ne Rinas!<\/p>\n<p>Fiks ky!<\/p>\n<p>Ndaj nuk eshte ceshtje paresh ,eshte ceshtje besimi!, shkruan Bra\u00e7e.<\/p>\n","protected":false},"excerpt":{"rendered":"<p>Zv.kryeministri Erion Bra\u00e7e ka shp\u00ebrndar\u00eb n\u00eb rrjetet sociale videon e nj\u00ebrit prej kontrollor\u00ebve t\u00eb aeroportit t\u00eb Rinasit, i cili n\u00eb nj\u00eb lidhje \u2018live\u2019 me emisionin \u2018Opinion\u2019 shp\u00ebrtheu n\u00eb nj\u00eb fjalor banal. Bra\u00e7e shkruan se ky \u00ebsht\u00eb nj\u00eb nga kontrollor\u00ebt dhe nuk \u00ebsht\u00eb \u00e7\u00ebshtje parash, por \u00ebsht\u00eb \u00e7\u00ebshtje besimi. \u201cPo pra ,ku eshte nje nga kontrolloret [&hellip;]<\/p>\n","protected":false},"author":2031,"featured_media":176283,"comment_status":"closed","ping_status":"closed","sticky":false,"template":"","format":"standard","meta":{"footnotes":""},"categories":[241,235],"tags":[2321,2319,312,329],"class_list":{"0":"post-176965","1":"post","2":"type-post","3":"status-publish","4":"format-standard","5":"has-post-thumbnail","7":"category-aktualitet","8":"category-vendi","9":"tag-brace","10":"tag-kontrolloret","11":"tag-lajme","12":"tag-zjarr-tv"},"_links":{"self":[{"href":"https:\/\/zjarr.tv\/sq\/wp-json\/wp\/v2\/posts\/176965","targetHints":{"allow":["GET"]}}],"collection":[{"href":"https:\/\/zjarr.tv\/sq\/wp-json\/wp\/v2\/posts"}],"about":[{"href":"https:\/\/zjarr.tv\/sq\/wp-json\/wp\/v2\/types\/post"}],"author":[{"embeddable":true,"href":"https:\/\/zjarr.tv\/sq\/wp-json\/wp\/v2\/users\/2031"}],"replies":[{"embeddable":true,"href":"https:\/\/zjarr.tv\/sq\/wp-json\/wp\/v2\/comments?post=176965"}],"version-history":[{"count":0,"href":"https:\/\/zjarr.tv\/sq\/wp-json\/wp\/v2\/posts\/176965\/revisions"}],"wp:featuredmedia":[{"embeddable":true,"href":"https:\/\/zjarr.tv\/sq\/wp-json\/wp\/v2\/media\/176283"}],"wp:attachment":[{"href":"https:\/\/zjarr.tv\/sq\/wp-json\/wp\/v2\/media?parent=176965"}],"wp:term":[{"taxonomy":"category","embeddable":true,"href":"https:\/\/zjarr.tv\/sq\/wp-json\/wp\/v2\/categories?post=176965"},{"taxonomy":"post_tag","embeddable":true,"href":"https:\/\/zjarr.tv\/sq\/wp-json\/wp\/v2\/tags?post=176965"}],"curies":[{"name":"wp","href":"https:\/\/api.w.org\/{rel}","templated":true}]}}