{"id":176967,"date":"2021-04-12T07:35:16","date_gmt":"2021-04-12T05:35:16","guid":{"rendered":"https:\/\/zjarr.tv\/?p=176967"},"modified":"2021-04-12T07:35:42","modified_gmt":"2021-04-12T05:35:42","slug":"noizy-ne-krah-te-veliajt-ato-qe-keni-bere-per-shqiperine-keto-8-vjet-per-tu-admiruar-duhet-te-ecim-perpara-faleminderit-miku-im-uroj-te-fitoni","status":"publish","type":"post","link":"https:\/\/zjarr.tv\/sq\/noizy-ne-krah-te-veliajt-ato-qe-keni-bere-per-shqiperine-keto-8-vjet-per-tu-admiruar-duhet-te-ecim-perpara-faleminderit-miku-im-uroj-te-fitoni\/","title":{"rendered":"Noizy n\u00eb krah t\u00eb Veliajt: Ato q\u00eb keni b\u00ebr\u00eb p\u00ebr Shqip\u00ebrin\u00eb k\u00ebto 8 vjet, p\u00ebr t\u2019u admiruar, duhet t\u00eb ecim p\u00ebrpara, faleminderit miku im, uroj t\u00eb fitoni\u2026"},"content":{"rendered":"<p>Rigels Rajku, i njohur me emrin e tij artisitk si Noizy, i \u00ebsht\u00eb bashkuar fushat\u00ebs s\u00eb Partis\u00eb Socialiste. K\u00ebng\u00ebtari \u00ebsht\u00eb shfaqur p\u00ebrkrah kryebashkiakut, Erion Veliaj.<\/p>\n<p>Reperi, ka deklaruar se Shqip\u00ebria nuk mund t\u00eb ndaloj\u00eb, as t\u00eb kthehet mbrapsht, por duhet t\u00eb vazhdoj\u00eb p\u00ebrpara n\u00eb rrug\u00ebn e shtruar n\u00eb k\u00ebto 8 vite nga socialist\u00ebt, teksa nuk e ka fshehur mb\u00ebshtetjen personale, ndaj kryebashkiakut t\u00eb Tiran\u00ebs.<\/p>\n<p>\u201c\u00cbsht\u00eb koha q\u00eb t\u00eb ecim p\u00ebrpara! Nuk kemi mund\u00ebsin\u00eb ne si shqiptar\u00eb t\u00eb kthehemi mbrapa. Ne jemi nj\u00eb shtet q\u00eb po nd\u00ebrtohemi p\u00ebrdit\u00eb dhe rinia \u00ebsht\u00eb nj\u00eb nga gj\u00ebrat m\u00eb kryesore q\u00eb duhet t\u00eb mb\u00ebshtesim. Si\u00e7 e tha edhe Lali Eri q\u00eb duhet t\u00eb punojm\u00eb fort, duhet t\u00eb kemi vet\u00ebm pozitivitet n\u00eb jet\u00ebn ton\u00eb. Un\u00eb kam pasur mb\u00ebshtetje jo vet\u00ebm nga ana politike, por edhe si shok dhe prandaj kam ardhur sot k\u00ebtu ta suportoj. T\u2019i them q\u00eb, ato q\u00eb keni b\u00ebr\u00eb p\u00ebr Shqip\u00ebrin\u00eb k\u00ebto 8 vjet kan\u00eb qen\u00eb me t\u00eb v\u00ebrtet\u00eb p\u00ebr t\u2019u admiruar, di\u00e7ka q\u00eb Shqip\u00ebria ka pasur nevoj\u00eb faktikisht. Uroj q\u00eb ta fitoni, sepse si\u00e7 e thash\u00eb, mbrapa nuk mund t\u00eb shkojm\u00eb. \u00cbsht\u00eb koha p\u00ebr t\u00eb ecur vet\u00ebm m\u00eb p\u00ebrpara dhe k\u00ebt\u00eb mund ta b\u00ebni mir\u00eb vet\u00ebm ju. Pa\u00e7i fat dhe ju faleminderit t\u00eb gjith\u00ebve q\u00eb e suportoni mikun tim, shokun tim Erionin,\u201d u shpreh Rigels Rajku, i njohur dhe si Noizy.<\/p>\n<p>Kryebashkiaku Veliaj, duke vler\u00ebsuar p\u00ebr mb\u00ebshtetjen edhe publike q\u00eb po i jep Partis\u00eb Socialiste, u shpreh se Noizy \u00ebsht\u00eb produkt i artist\u00ebve q\u00eb ia kan\u00eb dal\u00eb vet\u00eb n\u00eb jet\u00eb.<\/p>\n<p>\u201c\u00cbsht\u00eb produkt i atij q\u00eb ia del vet\u00eb, i atij q\u00eb shkon n\u00eb emigracion, i atij q\u00eb punon fort, i atij q\u00eb frym\u00ebzon njer\u00ebz, i atij q\u00eb nuk dor\u00ebzohet kurr\u00eb,\u201d tha Veliaj duke e cil\u00ebsuar nj\u00eb shembull frym\u00ebzimi, p\u00ebr t\u00eb gjith\u00eb ata q\u00eb besojn\u00eb se n\u00eb Shqip\u00ebri po t\u00eb punosh \u00e7do dit\u00eb dhe t\u00eb mos dor\u00ebzohesh, mund t\u2019ia dal\u00ebsh dhe t\u00eb kesh nj\u00eb histori suksesi.<\/p>\n<p>&nbsp;<\/p>\n","protected":false},"excerpt":{"rendered":"<p>Rigels Rajku, i njohur me emrin e tij artisitk si Noizy, i \u00ebsht\u00eb bashkuar fushat\u00ebs s\u00eb Partis\u00eb Socialiste. K\u00ebng\u00ebtari \u00ebsht\u00eb shfaqur p\u00ebrkrah kryebashkiakut, Erion Veliaj. Reperi, ka deklaruar se Shqip\u00ebria nuk mund t\u00eb ndaloj\u00eb, as t\u00eb kthehet mbrapsht, por duhet t\u00eb vazhdoj\u00eb p\u00ebrpara n\u00eb rrug\u00ebn e shtruar n\u00eb k\u00ebto 8 vite nga socialist\u00ebt, teksa nuk [&hellip;]<\/p>\n","protected":false},"author":2016,"featured_media":176969,"comment_status":"closed","ping_status":"closed","sticky":false,"template":"","format":"standard","meta":{"footnotes":""},"categories":[241,1454,193],"tags":[2322],"class_list":{"0":"post-176967","1":"post","2":"type-post","3":"status-publish","4":"format-standard","5":"has-post-thumbnail","7":"category-aktualitet","8":"category-politike","9":"category-showbiz","10":"tag-lajme-zjarr-noizy-ne-krah-te-veliajt-zjarr-tv"},"_links":{"self":[{"href":"https:\/\/zjarr.tv\/sq\/wp-json\/wp\/v2\/posts\/176967","targetHints":{"allow":["GET"]}}],"collection":[{"href":"https:\/\/zjarr.tv\/sq\/wp-json\/wp\/v2\/posts"}],"about":[{"href":"https:\/\/zjarr.tv\/sq\/wp-json\/wp\/v2\/types\/post"}],"author":[{"embeddable":true,"href":"https:\/\/zjarr.tv\/sq\/wp-json\/wp\/v2\/users\/2016"}],"replies":[{"embeddable":true,"href":"https:\/\/zjarr.tv\/sq\/wp-json\/wp\/v2\/comments?post=176967"}],"version-history":[{"count":0,"href":"https:\/\/zjarr.tv\/sq\/wp-json\/wp\/v2\/posts\/176967\/revisions"}],"wp:featuredmedia":[{"embeddable":true,"href":"https:\/\/zjarr.tv\/sq\/wp-json\/wp\/v2\/media\/176969"}],"wp:attachment":[{"href":"https:\/\/zjarr.tv\/sq\/wp-json\/wp\/v2\/media?parent=176967"}],"wp:term":[{"taxonomy":"category","embeddable":true,"href":"https:\/\/zjarr.tv\/sq\/wp-json\/wp\/v2\/categories?post=176967"},{"taxonomy":"post_tag","embeddable":true,"href":"https:\/\/zjarr.tv\/sq\/wp-json\/wp\/v2\/tags?post=176967"}],"curies":[{"name":"wp","href":"https:\/\/api.w.org\/{rel}","templated":true}]}}