{"id":176978,"date":"2021-04-12T08:12:47","date_gmt":"2021-04-12T06:12:47","guid":{"rendered":"https:\/\/zjarr.tv\/?p=176978"},"modified":"2021-04-12T08:19:59","modified_gmt":"2021-04-12T06:19:59","slug":"besi-u-pergjigjet-skeptikeve-rama-erdhi-nga-parisi-me-thonj-te-paprere-basha-la-holanden","status":"publish","type":"post","link":"https:\/\/zjarr.tv\/sq\/besi-u-pergjigjet-skeptikeve-rama-erdhi-nga-parisi-me-thonj-te-paprere-basha-la-holanden\/","title":{"rendered":"Besi u p\u00ebrgjigjet skeptik\u00ebve: Rama erdhi nga Parisi me thonj t\u00eb paprer\u00eb, Basha la Holand\u00ebn\u2026"},"content":{"rendered":"<p>Deklarata e fundit e aktorit me origjin\u00eb shqiptare, i njohur nd\u00ebrkomb\u00ebtarishtt, Jim Belushi, ka ngjallur shum\u00eb diskutime. Madje shum\u00eb persona, nuk e konsideruan edhe t\u00eb v\u00ebrtet\u00eb, k\u00ebrkes\u00ebn e tij p\u00ebr t\u00eb shtuar kontaktet me v\u00ebllez\u00ebrit shqiptar\u00eb.<\/p>\n<p>Mir\u00ebpo, duket se kjo\u00a0 deklarat\u00eb nuk ka kaluar pa u komentuar edhe n\u00eb spektaklin e humorit \u201cKosherja\u201d, ku mbr\u00ebmjen e djeshme, ku \u00ebsht\u00eb ironizuar me plot humor nga dy moderator\u00ebt, Jona Spahiu dhe Bes Kallaku.<\/p>\n<p><strong>Besi:<\/strong>\u00a0\u00c7a mendon ti se nuk ka ardhur kush nga jasht\u00eb shtetit p\u00ebr t\u00eb jetuar n\u00eb Shqip\u00ebri?<\/p>\n<p><strong>Jona:<\/strong>\u00a0Po, jo mo se un\u00eb t\u00eb pakt\u00ebn VIP-a, nuk njoh ndonj\u00eb VIP q\u00eb ka l\u00ebn\u00eb vendin e vet p\u00ebr t\u00eb ardh p\u00ebr t\u00eb jetuar n\u00eb Shqip\u00ebri.<\/p>\n<p><strong> Besi:<\/strong>\u00a0Po jeni mosmir\u00ebnjoh\u00ebsa mo, po pse Lul Basha nuk e la Holand\u00ebn dhe tani po jeton n\u00eb Shqip\u00ebri. Po p\u00ebr k\u00eb e b\u00ebri? P\u00ebr mua, p\u00ebr ty e b\u00ebri, p\u00ebr ne shqiptar\u00ebt e b\u00ebri. Po tjet\u00ebr mi tjet\u00ebr. Edi Rama e la Parisin, e la Franc\u00ebn edhe erdhi n\u00eb Shqip\u00ebri p\u00ebr mua e p\u00ebr ty. Me thonj\u00eb t\u00eb paprer\u00eb erdhi vet\u00ebm p\u00ebr t\u00eb jetuar n\u00eb k\u00ebt\u00eb vend.<\/p>\n<p>&nbsp;<\/p>\n","protected":false},"excerpt":{"rendered":"<p>Deklarata e fundit e aktorit me origjin\u00eb shqiptare, i njohur nd\u00ebrkomb\u00ebtarishtt, Jim Belushi, ka ngjallur shum\u00eb diskutime. Madje shum\u00eb persona, nuk e konsideruan edhe t\u00eb v\u00ebrtet\u00eb, k\u00ebrkes\u00ebn e tij p\u00ebr t\u00eb shtuar kontaktet me v\u00ebllez\u00ebrit shqiptar\u00eb. Mir\u00ebpo, duket se kjo\u00a0 deklarat\u00eb nuk ka kaluar pa u komentuar edhe n\u00eb spektaklin e humorit \u201cKosherja\u201d, ku mbr\u00ebmjen [&hellip;]<\/p>\n","protected":false},"author":2016,"featured_media":176981,"comment_status":"closed","ping_status":"closed","sticky":false,"template":"","format":"standard","meta":{"footnotes":""},"categories":[241,193],"tags":[2325],"class_list":{"0":"post-176978","1":"post","2":"type-post","3":"status-publish","4":"format-standard","5":"has-post-thumbnail","7":"category-aktualitet","8":"category-showbiz","9":"tag-lajme-zjarr-besi-u-pergjigjet-skeptikeve-zjarr-tv"},"_links":{"self":[{"href":"https:\/\/zjarr.tv\/sq\/wp-json\/wp\/v2\/posts\/176978","targetHints":{"allow":["GET"]}}],"collection":[{"href":"https:\/\/zjarr.tv\/sq\/wp-json\/wp\/v2\/posts"}],"about":[{"href":"https:\/\/zjarr.tv\/sq\/wp-json\/wp\/v2\/types\/post"}],"author":[{"embeddable":true,"href":"https:\/\/zjarr.tv\/sq\/wp-json\/wp\/v2\/users\/2016"}],"replies":[{"embeddable":true,"href":"https:\/\/zjarr.tv\/sq\/wp-json\/wp\/v2\/comments?post=176978"}],"version-history":[{"count":0,"href":"https:\/\/zjarr.tv\/sq\/wp-json\/wp\/v2\/posts\/176978\/revisions"}],"wp:featuredmedia":[{"embeddable":true,"href":"https:\/\/zjarr.tv\/sq\/wp-json\/wp\/v2\/media\/176981"}],"wp:attachment":[{"href":"https:\/\/zjarr.tv\/sq\/wp-json\/wp\/v2\/media?parent=176978"}],"wp:term":[{"taxonomy":"category","embeddable":true,"href":"https:\/\/zjarr.tv\/sq\/wp-json\/wp\/v2\/categories?post=176978"},{"taxonomy":"post_tag","embeddable":true,"href":"https:\/\/zjarr.tv\/sq\/wp-json\/wp\/v2\/tags?post=176978"}],"curies":[{"name":"wp","href":"https:\/\/api.w.org\/{rel}","templated":true}]}}