{"id":176982,"date":"2021-04-12T08:32:33","date_gmt":"2021-04-12T06:32:33","guid":{"rendered":"https:\/\/zjarr.tv\/?p=176982"},"modified":"2021-04-12T08:33:01","modified_gmt":"2021-04-12T06:33:01","slug":"burre-dhe-grua-por-bieta-me-albanin-te-ndryshem-njeri-votues-i-sigurt-i-ps-se-ndersa","status":"publish","type":"post","link":"https:\/\/zjarr.tv\/sq\/burre-dhe-grua-por-bieta-me-albanin-te-ndryshem-njeri-votues-i-sigurt-i-ps-se-ndersa\/","title":{"rendered":"Burr\u00eb dhe grua por Bieta me Albanin t\u00eb ndrysh\u00ebm, nj\u00ebri votues i sigurt i PS-s\u00eb, nd\u00ebrsa\u2026"},"content":{"rendered":"<p>Edhe pak dit\u00eb, nda ndajn\u00eb nga zgjedhjet e 25 Prillit, sa u p\u00ebrket numrave dhe kartave t\u00eb telefonit dhe ato t\u00eb celular\u00ebve p\u00ebr q\u00ebllime elektorale, qytetar\u00ebt jan\u00eb ndar\u00eb n\u00eb tre grupe t\u00eb m\u00ebdha; n\u00eb ata q\u00eb jan\u00eb votues t\u00eb sigurt t\u00eb PS-s\u00eb, n\u00eb ata q\u00eb jan\u00eb t\u00eb l\u00ebkundur dhe n\u00eb ata q\u00eb jan\u00eb kund\u00ebr.<\/p>\n<p>N\u00eb mes t\u00eb votuesve mavi, PS ka llogaritur edhe \u00e7iftin e njohur, Alban Dudushi dhe Bieta Sulo. Por me nj\u00eb ndryshim t\u00eb madh mes t\u00eb dyve, Dudushi renditet mes votuesve t\u00eb sigurt, nd\u00ebrsa p\u00ebr Sulon ndon\u00ebse p\u00ebrshkruhet\u00a0se preferon PS, vota pro saj, nuk merret p\u00ebr t\u00eb garantuar.<\/p>\n<p>Kontrollin e vot\u00ebs s\u00eb Albanit, e ka marr\u00eb p\u00ebrsip\u00ebr si patronazhiste Vinjola Syla, nd\u00ebrsa at\u00eb t\u00eb Biet\u00ebs Anxhela Roshi.<\/p>\n<p>&nbsp;<\/p>\n","protected":false},"excerpt":{"rendered":"<p>Edhe pak dit\u00eb, nda ndajn\u00eb nga zgjedhjet e 25 Prillit, sa u p\u00ebrket numrave dhe kartave t\u00eb telefonit dhe ato t\u00eb celular\u00ebve p\u00ebr q\u00ebllime elektorale, qytetar\u00ebt jan\u00eb ndar\u00eb n\u00eb tre grupe t\u00eb m\u00ebdha; n\u00eb ata q\u00eb jan\u00eb votues t\u00eb sigurt t\u00eb PS-s\u00eb, n\u00eb ata q\u00eb jan\u00eb t\u00eb l\u00ebkundur dhe n\u00eb ata q\u00eb jan\u00eb kund\u00ebr. N\u00eb [&hellip;]<\/p>\n","protected":false},"author":2016,"featured_media":176985,"comment_status":"closed","ping_status":"closed","sticky":false,"template":"","format":"standard","meta":{"footnotes":""},"categories":[241,1454,193],"tags":[2326],"class_list":{"0":"post-176982","1":"post","2":"type-post","3":"status-publish","4":"format-standard","5":"has-post-thumbnail","7":"category-aktualitet","8":"category-politike","9":"category-showbiz","10":"tag-lajme-zjarr-bieta-me-albanin-te-ndryshem-zjarr-tv"},"_links":{"self":[{"href":"https:\/\/zjarr.tv\/sq\/wp-json\/wp\/v2\/posts\/176982","targetHints":{"allow":["GET"]}}],"collection":[{"href":"https:\/\/zjarr.tv\/sq\/wp-json\/wp\/v2\/posts"}],"about":[{"href":"https:\/\/zjarr.tv\/sq\/wp-json\/wp\/v2\/types\/post"}],"author":[{"embeddable":true,"href":"https:\/\/zjarr.tv\/sq\/wp-json\/wp\/v2\/users\/2016"}],"replies":[{"embeddable":true,"href":"https:\/\/zjarr.tv\/sq\/wp-json\/wp\/v2\/comments?post=176982"}],"version-history":[{"count":0,"href":"https:\/\/zjarr.tv\/sq\/wp-json\/wp\/v2\/posts\/176982\/revisions"}],"wp:featuredmedia":[{"embeddable":true,"href":"https:\/\/zjarr.tv\/sq\/wp-json\/wp\/v2\/media\/176985"}],"wp:attachment":[{"href":"https:\/\/zjarr.tv\/sq\/wp-json\/wp\/v2\/media?parent=176982"}],"wp:term":[{"taxonomy":"category","embeddable":true,"href":"https:\/\/zjarr.tv\/sq\/wp-json\/wp\/v2\/categories?post=176982"},{"taxonomy":"post_tag","embeddable":true,"href":"https:\/\/zjarr.tv\/sq\/wp-json\/wp\/v2\/tags?post=176982"}],"curies":[{"name":"wp","href":"https:\/\/api.w.org\/{rel}","templated":true}]}}