{"id":177039,"date":"2021-04-12T12:15:39","date_gmt":"2021-04-12T10:15:39","guid":{"rendered":"https:\/\/zjarr.tv\/?p=177039"},"modified":"2021-04-12T12:19:05","modified_gmt":"2021-04-12T10:19:05","slug":"videopoliklinikat-e-lagjeve-nuk-kane-fluks-atehere-pse-duhet-te-behet-vaksinimi-ne-sheshin-skenderbej-apo-ne-air-albania-pergjigja-eshte-e-thjeshte-per-show-dhe-per-fushate","status":"publish","type":"post","link":"https:\/\/zjarr.tv\/sq\/videopoliklinikat-e-lagjeve-nuk-kane-fluks-atehere-pse-duhet-te-behet-vaksinimi-ne-sheshin-skenderbej-apo-ne-air-albania-pergjigja-eshte-e-thjeshte-per-show-dhe-per-fushate\/","title":{"rendered":"Poliklinikat e lagjeve nuk kan\u00eb fluks, pse duhet t\u00eb b\u00ebhet vaksinimi n\u00eb Sheshin Sk\u00ebnderbej? P\u00ebrgjigja \u00ebsht\u00eb e thjesht\u00eb: P\u00ebr show dhe p\u00ebr fushat\u00eb(Video)"},"content":{"rendered":"<p>N\u00eb vendin ton\u00eb, prej dit\u00ebsh \u00ebsht\u00eb duke u zhvilluar vaksinimi n\u00eb Sheshin Sk\u00ebnderbej, si dhe n\u00eb Air Albania, kur n\u00eb poliklinikat e lagjeve nuk ka aspak fluks.<\/p>\n<p>Pra, n\u00ebse t\u00eb gjitha poliklinikat e lagjeve, jan\u00eb t\u00eb lira dhe t\u00eb p\u00ebrshtatshme q\u00eb qytetar\u00ebt t\u00eb vaksinohen, pse duhet q\u00eb t\u00eb bllokohet Sheshi Sk\u00ebnderbej, q\u00eb njer\u00ebzit t\u00eb marrin dozat e vaksin\u00ebs.<\/p>\n<p>Lind pyetja: Pse duhet t\u00eb b\u00ebhet vaksinimi n\u00eb Sheshin Sk\u00ebnderbej, kur n\u00ebp\u00ebr ambulancat e lagjeve nuk ka fluks? P\u00ebrgjigja \u00ebsht\u00eb shum\u00eb e thjesht\u00eb; P\u00ebr show dhe p\u00ebr fushat\u00eb\u2026<\/p>\n<p><iframe loading=\"lazy\" title=\"nuk ka radh\u00eb n\u00eb poliklinika\" width=\"696\" height=\"392\" src=\"https:\/\/www.youtube.com\/embed\/9KbfrdRKmuI?feature=oembed\" frameborder=\"0\" allow=\"accelerometer; autoplay; clipboard-write; encrypted-media; gyroscope; picture-in-picture\" allowfullscreen><\/iframe><\/p>\n<p>&nbsp;<\/p>\n<p>&nbsp;<\/p>\n<p>&nbsp;<\/p>\n<p>&nbsp;<\/p>\n<p>&nbsp;<\/p>\n<p>&nbsp;<\/p>\n","protected":false},"excerpt":{"rendered":"<p>N\u00eb vendin ton\u00eb, prej dit\u00ebsh \u00ebsht\u00eb duke u zhvilluar vaksinimi n\u00eb Sheshin Sk\u00ebnderbej, si dhe n\u00eb Air Albania, kur n\u00eb poliklinikat e lagjeve nuk ka aspak fluks. Pra, n\u00ebse t\u00eb gjitha poliklinikat e lagjeve, jan\u00eb t\u00eb lira dhe t\u00eb p\u00ebrshtatshme q\u00eb qytetar\u00ebt t\u00eb vaksinohen, pse duhet q\u00eb t\u00eb bllokohet Sheshi Sk\u00ebnderbej, q\u00eb njer\u00ebzit t\u00eb marrin [&hellip;]<\/p>\n","protected":false},"author":2016,"featured_media":177049,"comment_status":"closed","ping_status":"closed","sticky":false,"template":"","format":"standard","meta":{"footnotes":""},"categories":[241],"tags":[2340],"class_list":{"0":"post-177039","1":"post","2":"type-post","3":"status-publish","4":"format-standard","5":"has-post-thumbnail","7":"category-aktualitet","8":"tag-lajme-zjarr-vaksinimi-ne-sheshin-skenderbej-zjarr-tv"},"_links":{"self":[{"href":"https:\/\/zjarr.tv\/sq\/wp-json\/wp\/v2\/posts\/177039","targetHints":{"allow":["GET"]}}],"collection":[{"href":"https:\/\/zjarr.tv\/sq\/wp-json\/wp\/v2\/posts"}],"about":[{"href":"https:\/\/zjarr.tv\/sq\/wp-json\/wp\/v2\/types\/post"}],"author":[{"embeddable":true,"href":"https:\/\/zjarr.tv\/sq\/wp-json\/wp\/v2\/users\/2016"}],"replies":[{"embeddable":true,"href":"https:\/\/zjarr.tv\/sq\/wp-json\/wp\/v2\/comments?post=177039"}],"version-history":[{"count":0,"href":"https:\/\/zjarr.tv\/sq\/wp-json\/wp\/v2\/posts\/177039\/revisions"}],"wp:featuredmedia":[{"embeddable":true,"href":"https:\/\/zjarr.tv\/sq\/wp-json\/wp\/v2\/media\/177049"}],"wp:attachment":[{"href":"https:\/\/zjarr.tv\/sq\/wp-json\/wp\/v2\/media?parent=177039"}],"wp:term":[{"taxonomy":"category","embeddable":true,"href":"https:\/\/zjarr.tv\/sq\/wp-json\/wp\/v2\/categories?post=177039"},{"taxonomy":"post_tag","embeddable":true,"href":"https:\/\/zjarr.tv\/sq\/wp-json\/wp\/v2\/tags?post=177039"}],"curies":[{"name":"wp","href":"https:\/\/api.w.org\/{rel}","templated":true}]}}