{"id":177051,"date":"2021-04-12T12:50:21","date_gmt":"2021-04-12T10:50:21","guid":{"rendered":"https:\/\/zjarr.tv\/?p=177051"},"modified":"2021-04-12T12:50:21","modified_gmt":"2021-04-12T10:50:21","slug":"erion-veliaj-kerkon-voten-e-pensionisteve-me-atlete-1300-dollare","status":"publish","type":"post","link":"https:\/\/zjarr.tv\/sq\/erion-veliaj-kerkon-voten-e-pensionisteve-me-atlete-1300-dollare\/","title":{"rendered":"Erion Veliaj k\u00ebrkon vot\u00ebn e pensionist\u00ebve, me atlete 1300 dollar\u00eb\u2026"},"content":{"rendered":"<p>Kryebashkiaku i Tiran\u00ebs Erion Veliaj, \u00ebsht\u00eb shfaqur n\u00eb nj\u00eb takim n\u00eb krah t\u00eb Kryeministrit Edi Rama, duke k\u00ebrkuar vot\u00ebn e t\u00eb moshuarve n\u00eb Kryeqytet.<\/p>\n<p>Por, ajo q\u00eb bie n\u00eb sy t\u00eb komentuesve, jan\u00eb atletet e tij t\u00eb shtrenjta.<\/p>\n<p>Nga nj\u00eb k\u00ebrkim i shpejt\u00eb n\u00eb internet, zbulohet se Veliaj, mbante t\u00eb veshura nj\u00eb pal\u00eb atlete t\u00eb mark\u00ebs Adidas Yeezy, me nj\u00eb vler\u00eb prej t\u00eb pakt\u00ebn 1342 dollar\u00eb.<\/p>\n<p>Ironia \u00ebsht\u00eb se atletet q\u00eb mbante veshur Veliaj, kushtojn\u00eb mbi shtat\u00eb apo tet\u00eb her\u00eb m\u00eb shum\u00eb, se pensioni mujor i t\u00eb moshuarve. Kjo nuk \u00ebsht\u00eb hera e par\u00eb kur Erion Veliaj, fotografohet n\u00eb publik me veshje t\u00eb shtrenjta t\u00eb markave luksoze.<\/p>\n<p>Edhe pse ai preferon q\u00eb t\u00eb duket sportiv, kjo e ka ekspozuar m\u00eb shum\u00eb, pasi tani markat e veshjeve t\u00eb shtrenjta jan\u00eb m\u00eb t\u00eb dukshme.<\/p>\n<p>Ashtu sin \u00eb dasm\u00ebn e tij edhe atletet e shtrenjta, nuk ia kan\u00eb siguruar lejet e nd\u00ebrtimit apo tenderat pa gar\u00eb. Me shum\u00eb gjas\u00eb, ato jan\u00eb bler\u00eb me kursimet nga pensioni i mamas\u00eb.<\/p>\n","protected":false},"excerpt":{"rendered":"<p>Kryebashkiaku i Tiran\u00ebs Erion Veliaj, \u00ebsht\u00eb shfaqur n\u00eb nj\u00eb takim n\u00eb krah t\u00eb Kryeministrit Edi Rama, duke k\u00ebrkuar vot\u00ebn e t\u00eb moshuarve n\u00eb Kryeqytet. Por, ajo q\u00eb bie n\u00eb sy t\u00eb komentuesve, jan\u00eb atletet e tij t\u00eb shtrenjta. Nga nj\u00eb k\u00ebrkim i shpejt\u00eb n\u00eb internet, zbulohet se Veliaj, mbante t\u00eb veshura nj\u00eb pal\u00eb atlete t\u00eb [&hellip;]<\/p>\n","protected":false},"author":2016,"featured_media":177053,"comment_status":"closed","ping_status":"closed","sticky":false,"template":"","format":"standard","meta":{"footnotes":""},"categories":[241],"tags":[2341],"class_list":{"0":"post-177051","1":"post","2":"type-post","3":"status-publish","4":"format-standard","5":"has-post-thumbnail","7":"category-aktualitet","8":"tag-lajme-zjarr-veliaj-kerkon-voten-e-pensionisteve-zjarr-tv"},"_links":{"self":[{"href":"https:\/\/zjarr.tv\/sq\/wp-json\/wp\/v2\/posts\/177051","targetHints":{"allow":["GET"]}}],"collection":[{"href":"https:\/\/zjarr.tv\/sq\/wp-json\/wp\/v2\/posts"}],"about":[{"href":"https:\/\/zjarr.tv\/sq\/wp-json\/wp\/v2\/types\/post"}],"author":[{"embeddable":true,"href":"https:\/\/zjarr.tv\/sq\/wp-json\/wp\/v2\/users\/2016"}],"replies":[{"embeddable":true,"href":"https:\/\/zjarr.tv\/sq\/wp-json\/wp\/v2\/comments?post=177051"}],"version-history":[{"count":0,"href":"https:\/\/zjarr.tv\/sq\/wp-json\/wp\/v2\/posts\/177051\/revisions"}],"wp:featuredmedia":[{"embeddable":true,"href":"https:\/\/zjarr.tv\/sq\/wp-json\/wp\/v2\/media\/177053"}],"wp:attachment":[{"href":"https:\/\/zjarr.tv\/sq\/wp-json\/wp\/v2\/media?parent=177051"}],"wp:term":[{"taxonomy":"category","embeddable":true,"href":"https:\/\/zjarr.tv\/sq\/wp-json\/wp\/v2\/categories?post=177051"},{"taxonomy":"post_tag","embeddable":true,"href":"https:\/\/zjarr.tv\/sq\/wp-json\/wp\/v2\/tags?post=177051"}],"curies":[{"name":"wp","href":"https:\/\/api.w.org\/{rel}","templated":true}]}}