{"id":177054,"date":"2021-04-12T13:02:29","date_gmt":"2021-04-12T11:02:29","guid":{"rendered":"https:\/\/zjarr.tv\/?p=177054"},"modified":"2021-04-12T13:03:40","modified_gmt":"2021-04-12T11:03:40","slug":"taulant-balla-u-ben-thirrje-socialisteve-ju-lutem-vendosni-maskat-se-pastaj-na-rrofshin-votat","status":"publish","type":"post","link":"https:\/\/zjarr.tv\/sq\/taulant-balla-u-ben-thirrje-socialisteve-ju-lutem-vendosni-maskat-se-pastaj-na-rrofshin-votat\/","title":{"rendered":"Taulant Balla u b\u00ebn thirrje socialist\u00ebve: Ju lutem vendosni maskat, se pastaj na rrofshin votat\u2026"},"content":{"rendered":"<p>Dit\u00ebn e sotme, kreu i Grupit Parlamentar t\u00eb Partis\u00eb Socialiste Taulant Balla, ka qen\u00eb n\u00eb Gramsh, n\u00eb nj\u00eb takim me qytetar\u00ebt n\u00eb kuad\u00ebr t\u00eb fushat\u00ebs elektorale.<\/p>\n<p>Gjat\u00eb fjal\u00ebs s\u00eb tij, Balla u ka b\u00ebr\u00eb thirrje t\u00eb pranishm\u00ebve t\u00eb vendosin maskat, duke deklaruar se ndryshe nuk kan\u00eb vler\u00eb votat.<\/p>\n<p><em style=\"font-weight: inherit;\">\u201cJu lutem vendosni maskat se pastaj na rrofshin votat, Elbasani \u00ebsht\u00eb qarku me nivelin m\u00eb t\u00eb lart\u00eb t\u00eb vaksinimit deri tani. N\u00eb fund t\u00eb majit dhe fillim t\u00eb qershorit do hapim ekonomin\u00eb.<\/em><\/p>\n<p><em style=\"font-weight: inherit;\">Nuk vinte askush n\u00eb Gramsh m\u00eb p\u00ebrpara nd\u00ebrkoh\u00eb q\u00eb sot fal\u00eb Edi Ram\u00ebs po shnd\u00ebrrohet n\u00eb nj\u00eb nyje t\u00eb r\u00ebnd\u00ebsishme. N\u00ebse nisesh nga Durr\u00ebsi dhe do t\u00eb shkosh n\u00eb Kor\u00e7\u00eb do kalosh nga Gramshi\u201d,<\/em>\u00a0deklaroi Balla.<\/p>\n<p>Nd\u00ebrkoh\u00eb q\u00eb gjat\u00eb fjal\u00ebs s\u00eb tij, Balla u shpreh se Sali Berisha dhe Ilir Meta, jan\u00eb gati t\u00eb kthehen n\u00eb pushtet, pasi sipas tij Lulzim Basha, \u00ebsht\u00eb kot n\u00eb pozicionin e tij.<\/p>\n<p><em style=\"font-weight: inherit;\">\u201cSaliu dhe Iliri jan\u00eb prap\u00eb aty p\u00ebr t\u2019u kthyer. Luli \u00ebsht\u00eb kot. Luli \u00ebsht\u00eb nj\u00eb dordolec q\u00eb ata e hedhin nga nj\u00ebri te tjetri. Asnj\u00ebri nuk duhet t\u00eb harroj\u00eb asgj\u00eb. Besoj q\u00eb t\u00eb rinjt\u00eb dhe t\u00eb rejat din\u00eb ta b\u00ebjn\u00eb dallimin m\u00eb shum\u00eb\u201d<\/em>, u shpreh Balla.<\/p>\n<p>&nbsp;<\/p>\n","protected":false},"excerpt":{"rendered":"<p>Dit\u00ebn e sotme, kreu i Grupit Parlamentar t\u00eb Partis\u00eb Socialiste Taulant Balla, ka qen\u00eb n\u00eb Gramsh, n\u00eb nj\u00eb takim me qytetar\u00ebt n\u00eb kuad\u00ebr t\u00eb fushat\u00ebs elektorale. Gjat\u00eb fjal\u00ebs s\u00eb tij, Balla u ka b\u00ebr\u00eb thirrje t\u00eb pranishm\u00ebve t\u00eb vendosin maskat, duke deklaruar se ndryshe nuk kan\u00eb vler\u00eb votat. \u201cJu lutem vendosni maskat se pastaj na [&hellip;]<\/p>\n","protected":false},"author":2016,"featured_media":177056,"comment_status":"closed","ping_status":"closed","sticky":false,"template":"","format":"standard","meta":{"footnotes":""},"categories":[241,1454],"tags":[2342],"class_list":{"0":"post-177054","1":"post","2":"type-post","3":"status-publish","4":"format-standard","5":"has-post-thumbnail","7":"category-aktualitet","8":"category-politike","9":"tag-lajme-zjarr-balla-ju-lutem-vendosni-maskat-zjarr-tv"},"_links":{"self":[{"href":"https:\/\/zjarr.tv\/sq\/wp-json\/wp\/v2\/posts\/177054","targetHints":{"allow":["GET"]}}],"collection":[{"href":"https:\/\/zjarr.tv\/sq\/wp-json\/wp\/v2\/posts"}],"about":[{"href":"https:\/\/zjarr.tv\/sq\/wp-json\/wp\/v2\/types\/post"}],"author":[{"embeddable":true,"href":"https:\/\/zjarr.tv\/sq\/wp-json\/wp\/v2\/users\/2016"}],"replies":[{"embeddable":true,"href":"https:\/\/zjarr.tv\/sq\/wp-json\/wp\/v2\/comments?post=177054"}],"version-history":[{"count":0,"href":"https:\/\/zjarr.tv\/sq\/wp-json\/wp\/v2\/posts\/177054\/revisions"}],"wp:featuredmedia":[{"embeddable":true,"href":"https:\/\/zjarr.tv\/sq\/wp-json\/wp\/v2\/media\/177056"}],"wp:attachment":[{"href":"https:\/\/zjarr.tv\/sq\/wp-json\/wp\/v2\/media?parent=177054"}],"wp:term":[{"taxonomy":"category","embeddable":true,"href":"https:\/\/zjarr.tv\/sq\/wp-json\/wp\/v2\/categories?post=177054"},{"taxonomy":"post_tag","embeddable":true,"href":"https:\/\/zjarr.tv\/sq\/wp-json\/wp\/v2\/tags?post=177054"}],"curies":[{"name":"wp","href":"https:\/\/api.w.org\/{rel}","templated":true}]}}