{"id":177058,"date":"2021-04-12T13:15:33","date_gmt":"2021-04-12T11:15:33","guid":{"rendered":"https:\/\/zjarr.tv\/?p=177058"},"modified":"2021-04-12T13:15:33","modified_gmt":"2021-04-12T11:15:33","slug":"edi-rama-jam-ketu-per-te-dhene-mishin-dhe-shpirtin-mandatin-e-trete-e-dua-per-ju-jo-per-vete","status":"publish","type":"post","link":"https:\/\/zjarr.tv\/sq\/edi-rama-jam-ketu-per-te-dhene-mishin-dhe-shpirtin-mandatin-e-trete-e-dua-per-ju-jo-per-vete\/","title":{"rendered":"Edi Rama: Jam k\u00ebtu p\u00ebr t\u00eb dh\u00ebn\u00eb mishin dhe shpirtin, mandatin e tret\u00eb e dua p\u00ebr ju jo p\u00ebr vete\u2026"},"content":{"rendered":"<p>K\u00ebt\u00eb t\u00eb h\u00ebn\u00eb, Kryeministri Edi Rama, ka zhvilluar nj\u00eb takim n\u00eb kuad\u00ebr t\u00eb fushat\u00ebs elektorale, n\u00eb qytetin e Gramshit teksa \u00ebsht\u00eb shprehur s\u2019e mandatin e tret\u00eb, nuk e do p\u00ebr veten, por p\u00ebr Shqip\u00ebrin\u00eb.<\/p>\n<p>N\u00eb fjal\u00ebn e tij, kreu i qeveris\u00eb thot\u00eb se nga pik\u00ebpamja profesionale, i ka arritur t\u00eb gjith\u00eb, por shprehet se k\u00ebrkon ende pushtet p\u00ebr Shqip\u00ebrin\u00eb dhe shqiptar\u00ebt.<\/p>\n<p><em style=\"font-weight: inherit;\">\u201cUn\u00eb jam k\u00ebtu p\u00ebr t\u00eb dh\u00ebn\u00eb mishin dhe shpirtin p\u00ebr t\u00eb kapur at\u00eb maj\u00eb.\u201d- shprehet Rama. N\u00eb fjal\u00ebn e tij nd\u00ebr t\u00eb tjera kryeministri shprehet se Shqip\u00ebria duhet t\u00eb kap majat.<\/em><\/p>\n<p><em style=\"font-weight: inherit;\">\u201cNe nuk e duam pushtetin p\u00ebr vete. \u00a0Un\u00eb nuk e dua pushtetin p\u00ebr veten time. N\u00ebse dikush do thoshte \u00e7a do ti m\u00eb: Ke qen\u00eb minist\u00ebr, kryetar bashkie, je kryeminist\u00ebr. Nga pik\u00ebpamja profesionale un\u00eb i kam par\u00eb t\u00eb gjith\u00eb k\u00ebto maja.<\/em><\/p>\n<p><em style=\"font-weight: inherit;\">N\u00ebse q\u00ebndroj k\u00ebtu, q\u00ebndroj sepse mua k\u00ebtu nga emigracioni m\u00eb ka sjell\u00eb maja q\u00eb kam par\u00eb p\u00ebr Shqip\u00ebrin\u00eb dhe gjith\u00eb shqiptar\u00ebt. P\u00ebrsa koh\u00eb shqiptar\u00ebt, shumica duan t\u00eb ngjiten n\u00eb at\u00eb maj\u00eb un\u00eb e di si mund t\u00eb ngjitemi n\u00eb at\u00eb maj\u00eb. Un\u00eb jam k\u00ebtu p\u00ebr t\u00eb dh\u00ebn\u00eb mishin dhe shpirtin p\u00ebr t\u00eb kapur at\u00eb maj\u00eb. Ne kemi b\u00ebr\u00eb gabime pa diskutim.\u00a0\u00a0Ne nuk jemi t\u00eb r\u00ebn\u00eb nga qielli. Nga qielli vet\u00ebm shiu bie.<\/em><\/p>\n<p><em style=\"font-weight: inherit;\">Ka nj\u00eb dallim t\u00eb madh mes nesh dhe atyre. Ne jemi ajo forc\u00eb e karakterit t\u00eb gjith\u00eb njer\u00ebzve t\u00eb pun\u00ebs. Nuk ka receta \u00e7udib\u00ebr\u00ebse, vet\u00ebm \u00e7udin\u00eb q\u00eb p\u00ebrmban ndryshimi e sjell puna e vet\u00ebm puna, pasioni p\u00ebr t\u2019ja dal\u00eb e n\u00eb k\u00ebt\u00eb pik\u00eb nga un\u00eb ju flas ju them se shtysa q\u00eb mua m\u00eb nxjerr p\u00ebrdit\u00eb nga sht\u00ebpia \u00ebsht\u00eb t\u00eb b\u00ebj gjith\u00e7ka mundem q\u00eb Shqip\u00ebria t\u00eb jet\u00eb m\u00eb e mir\u00eb nes\u00ebr e q\u00eb shqiptar\u00ebt pavar\u00ebsisht se \u00e7a voton t\u00eb ndjehen m\u00eb mir\u00eb nes\u00ebr\u201d<\/em>, k\u00ebshtu \u00ebsht\u00eb shprehur Rama.<\/p>\n<p>&nbsp;<\/p>\n","protected":false},"excerpt":{"rendered":"<p>K\u00ebt\u00eb t\u00eb h\u00ebn\u00eb, Kryeministri Edi Rama, ka zhvilluar nj\u00eb takim n\u00eb kuad\u00ebr t\u00eb fushat\u00ebs elektorale, n\u00eb qytetin e Gramshit teksa \u00ebsht\u00eb shprehur s\u2019e mandatin e tret\u00eb, nuk e do p\u00ebr veten, por p\u00ebr Shqip\u00ebrin\u00eb. N\u00eb fjal\u00ebn e tij, kreu i qeveris\u00eb thot\u00eb se nga pik\u00ebpamja profesionale, i ka arritur t\u00eb gjith\u00eb, por shprehet se k\u00ebrkon [&hellip;]<\/p>\n","protected":false},"author":2016,"featured_media":177060,"comment_status":"closed","ping_status":"closed","sticky":false,"template":"","format":"standard","meta":{"footnotes":""},"categories":[241,231,1454],"tags":[2343],"class_list":{"0":"post-177058","1":"post","2":"type-post","3":"status-publish","4":"format-standard","5":"has-post-thumbnail","7":"category-aktualitet","8":"category-lajme","9":"category-politike","10":"tag-lajme-zjarr-rama-do-jap-mishin-dhe-shpirtin-per-ju-zjarr-tv"},"_links":{"self":[{"href":"https:\/\/zjarr.tv\/sq\/wp-json\/wp\/v2\/posts\/177058","targetHints":{"allow":["GET"]}}],"collection":[{"href":"https:\/\/zjarr.tv\/sq\/wp-json\/wp\/v2\/posts"}],"about":[{"href":"https:\/\/zjarr.tv\/sq\/wp-json\/wp\/v2\/types\/post"}],"author":[{"embeddable":true,"href":"https:\/\/zjarr.tv\/sq\/wp-json\/wp\/v2\/users\/2016"}],"replies":[{"embeddable":true,"href":"https:\/\/zjarr.tv\/sq\/wp-json\/wp\/v2\/comments?post=177058"}],"version-history":[{"count":0,"href":"https:\/\/zjarr.tv\/sq\/wp-json\/wp\/v2\/posts\/177058\/revisions"}],"wp:featuredmedia":[{"embeddable":true,"href":"https:\/\/zjarr.tv\/sq\/wp-json\/wp\/v2\/media\/177060"}],"wp:attachment":[{"href":"https:\/\/zjarr.tv\/sq\/wp-json\/wp\/v2\/media?parent=177058"}],"wp:term":[{"taxonomy":"category","embeddable":true,"href":"https:\/\/zjarr.tv\/sq\/wp-json\/wp\/v2\/categories?post=177058"},{"taxonomy":"post_tag","embeddable":true,"href":"https:\/\/zjarr.tv\/sq\/wp-json\/wp\/v2\/tags?post=177058"}],"curies":[{"name":"wp","href":"https:\/\/api.w.org\/{rel}","templated":true}]}}