{"id":177062,"date":"2021-04-12T13:33:17","date_gmt":"2021-04-12T11:33:17","guid":{"rendered":"https:\/\/zjarr.tv\/?p=177062"},"modified":"2021-04-12T13:33:39","modified_gmt":"2021-04-12T11:33:39","slug":"grate-i-drejtohen-bashes-po-nuk-mbajte-fjalen-do-te-te-qepemi-ne-instagram","status":"publish","type":"post","link":"https:\/\/zjarr.tv\/sq\/grate-i-drejtohen-bashes-po-nuk-mbajte-fjalen-do-te-te-qepemi-ne-instagram\/","title":{"rendered":"Grat\u00eb i drejtohen Bash\u00ebs: Po nuk mbajte fjal\u00ebn, do t\u00eb t\u00eb qepemi n\u00eb Instagram\u2026"},"content":{"rendered":"<p>Dit\u00ebn e sotme, kryedemokrati Lulzim Basha, ka zhvilluar nj\u00eb takim me gra profesioniste t\u00eb fushave t\u00eb ndryshme, n\u00eb kuad\u00ebr t\u00eb Zgjedhjeve t\u00eb 25 Prillit.<\/p>\n<p>Gjat\u00eb k\u00ebtij bashk\u00ebbisedimi, u trajtuan \u00e7\u00ebshtje t\u00eb ndryshme q\u00eb shqet\u00ebsojn\u00eb shoq\u00ebrin\u00eb.<\/p>\n<p>Ktu demokrat, tha se prishja e ekuilibrave t\u00eb shoq\u00ebris\u00eb, e ka zanafill\u00ebn n\u00eb 8 vite d\u00ebshtim dhe pa asnj\u00eb bilanc, t\u00eb nj\u00eb njeriu q\u00eb politik\u00ebn e p\u00ebrdor si nj\u00eb art mashtrimi. Nd\u00ebrkoh\u00eb nj\u00eb nga personazhet e ekranit Inna Koll\u00e7aku, u shpreh se tek Basha, shikon respektin q\u00eb lideri demokrat ka ndaj gruas.<\/p>\n<p><em style=\"font-weight: inherit;\">\u201cKy grupi k\u00ebtu jam shum\u00eb e sigurt, por edhe salla se \u00ebsht\u00eb goxha, n\u00ebse nuk e mban fjal\u00ebn p\u00ebr t\u00eb drejtat e grave do t\u00eb t\u00eb qepen aq keq n\u00eb Instagram, do t\u00eb t\u00eb grijn\u00eb<\/em>\u201d, tha Koll\u00e7aku.<\/p>\n<p>Ky koment, solli nj\u00eb moment humori mes grave q\u00eb ishin t\u00eb paranishme n\u00eb takim.<\/p>\n","protected":false},"excerpt":{"rendered":"<p>Dit\u00ebn e sotme, kryedemokrati Lulzim Basha, ka zhvilluar nj\u00eb takim me gra profesioniste t\u00eb fushave t\u00eb ndryshme, n\u00eb kuad\u00ebr t\u00eb Zgjedhjeve t\u00eb 25 Prillit. Gjat\u00eb k\u00ebtij bashk\u00ebbisedimi, u trajtuan \u00e7\u00ebshtje t\u00eb ndryshme q\u00eb shqet\u00ebsojn\u00eb shoq\u00ebrin\u00eb. Ktu demokrat, tha se prishja e ekuilibrave t\u00eb shoq\u00ebris\u00eb, e ka zanafill\u00ebn n\u00eb 8 vite d\u00ebshtim dhe pa asnj\u00eb bilanc, [&hellip;]<\/p>\n","protected":false},"author":2016,"featured_media":177064,"comment_status":"closed","ping_status":"closed","sticky":false,"template":"","format":"standard","meta":{"footnotes":""},"categories":[241,1454],"tags":[2344],"class_list":{"0":"post-177062","1":"post","2":"type-post","3":"status-publish","4":"format-standard","5":"has-post-thumbnail","7":"category-aktualitet","8":"category-politike","9":"tag-lajme-zjarr-grate-i-drejtohen-bashes-zjarr-tv"},"_links":{"self":[{"href":"https:\/\/zjarr.tv\/sq\/wp-json\/wp\/v2\/posts\/177062","targetHints":{"allow":["GET"]}}],"collection":[{"href":"https:\/\/zjarr.tv\/sq\/wp-json\/wp\/v2\/posts"}],"about":[{"href":"https:\/\/zjarr.tv\/sq\/wp-json\/wp\/v2\/types\/post"}],"author":[{"embeddable":true,"href":"https:\/\/zjarr.tv\/sq\/wp-json\/wp\/v2\/users\/2016"}],"replies":[{"embeddable":true,"href":"https:\/\/zjarr.tv\/sq\/wp-json\/wp\/v2\/comments?post=177062"}],"version-history":[{"count":0,"href":"https:\/\/zjarr.tv\/sq\/wp-json\/wp\/v2\/posts\/177062\/revisions"}],"wp:featuredmedia":[{"embeddable":true,"href":"https:\/\/zjarr.tv\/sq\/wp-json\/wp\/v2\/media\/177064"}],"wp:attachment":[{"href":"https:\/\/zjarr.tv\/sq\/wp-json\/wp\/v2\/media?parent=177062"}],"wp:term":[{"taxonomy":"category","embeddable":true,"href":"https:\/\/zjarr.tv\/sq\/wp-json\/wp\/v2\/categories?post=177062"},{"taxonomy":"post_tag","embeddable":true,"href":"https:\/\/zjarr.tv\/sq\/wp-json\/wp\/v2\/tags?post=177062"}],"curies":[{"name":"wp","href":"https:\/\/api.w.org\/{rel}","templated":true}]}}