{"id":177068,"date":"2021-04-12T14:08:33","date_gmt":"2021-04-12T12:08:33","guid":{"rendered":"https:\/\/zjarr.tv\/?p=177068"},"modified":"2021-04-12T14:08:33","modified_gmt":"2021-04-12T12:08:33","slug":"rama-premton-5000-euro-per-emigrantet-qe-kthehen-te-ndertojne-shtepine-e-gjysherve","status":"publish","type":"post","link":"https:\/\/zjarr.tv\/sq\/rama-premton-5000-euro-per-emigrantet-qe-kthehen-te-ndertojne-shtepine-e-gjysherve\/","title":{"rendered":"Rama premton 5000 euro p\u00ebr emigrant\u00ebt q\u00eb kthehen t\u00eb nd\u00ebrtojn\u00eb sht\u00ebpin\u00eb e gjysh\u00ebrve\u2026"},"content":{"rendered":"<p>Kreu i qeveris\u00eb Edi Rama, shpjegoi kushtin\u00a0<strong>p\u00ebr emigrant\u00ebt<em>\u00a0<\/em><\/strong>q\u00eb duan t\u00eb kthehen n\u00eb Shqip\u00ebri, p\u00ebr t\u00eb rind\u00ebrtuar sht\u00ebpit\u00eb e vjetra, duke i kthyer ato n\u00eb motor t\u00eb turizmit.<\/p>\n<p>Kryeministri shpjegoi se ata q\u00eb duan t\u00eb b\u00ebhen pjes\u00eb e k\u00ebsaj skeme, mund t\u00eb vazhdojn\u00eb t\u00eb jetojn\u00eb jasht\u00eb n\u00ebse kjo \u00ebsht\u00eb zgjedhja e tyre, por e r\u00ebnd\u00ebsishme \u00ebsht\u00eb q\u00eb parat\u00eb e tyre t\u00eb investohen n\u00eb vendin ton\u00eb.<\/p>\n<p><em>\u201cNe kemi vendosur q\u00eb gjat\u00eb mandatit t\u00eb tret\u00eb do I japim 5000 euro grant \u00e7do emigranti q\u00eb do vij\u00ebn n\u00eb Shqip\u00ebri p\u00ebr t\u00eb rind\u00ebrtuar sht\u00ebpin\u00eb e gjysh\u00ebrve dhe gjysheve dhe \u00e7do emigrant q\u00eb do i kthej\u00eb n\u00eb pjes\u00eb t\u00eb motorit t\u00eb agroturizmin n\u00eb Shqip\u00ebri. <\/em><\/p>\n<p><em> Nj\u00eb amnisti specifike e fokusuar te emigrant\u00ebt q\u00eb duan t\u00eb kthehen k\u00ebtu qoft\u00eb fizikisht, qoft\u00eb me investimet e tyre. N\u00ebse duan ta nd\u00ebrtojn\u00eb sht\u00ebpin\u00eb dhe t\u00eb rrin\u00eb atje kjo \u00ebsht\u00eb zgjedhje e tyre. R\u00ebnd\u00ebsi ka q\u00eb t\u00eb vijn\u00eb p\u00ebr t\u00eb hapur der\u00ebn e sht\u00ebpis\u00eb mbyllur. Kjo do t\u00eb sjell\u00eb transformim t\u00eb madh ekonomik si\u00e7 ka sjell\u00eb n\u00eb shum\u00eb zona t\u00eb Italis\u00eb\u201d<\/em>, deklaroi Rama.<\/p>\n<p>&nbsp;<\/p>\n","protected":false},"excerpt":{"rendered":"<p>Kreu i qeveris\u00eb Edi Rama, shpjegoi kushtin\u00a0p\u00ebr emigrant\u00ebt\u00a0q\u00eb duan t\u00eb kthehen n\u00eb Shqip\u00ebri, p\u00ebr t\u00eb rind\u00ebrtuar sht\u00ebpit\u00eb e vjetra, duke i kthyer ato n\u00eb motor t\u00eb turizmit. Kryeministri shpjegoi se ata q\u00eb duan t\u00eb b\u00ebhen pjes\u00eb e k\u00ebsaj skeme, mund t\u00eb vazhdojn\u00eb t\u00eb jetojn\u00eb jasht\u00eb n\u00ebse kjo \u00ebsht\u00eb zgjedhja e tyre, por e r\u00ebnd\u00ebsishme \u00ebsht\u00eb [&hellip;]<\/p>\n","protected":false},"author":2016,"featured_media":177070,"comment_status":"closed","ping_status":"closed","sticky":false,"template":"","format":"standard","meta":{"footnotes":""},"categories":[241],"tags":[2346],"class_list":{"0":"post-177068","1":"post","2":"type-post","3":"status-publish","4":"format-standard","5":"has-post-thumbnail","7":"category-aktualitet","8":"tag-lajme-zjarr-rama-5000-euro-per-emigrantet-zjarr-tv"},"_links":{"self":[{"href":"https:\/\/zjarr.tv\/sq\/wp-json\/wp\/v2\/posts\/177068","targetHints":{"allow":["GET"]}}],"collection":[{"href":"https:\/\/zjarr.tv\/sq\/wp-json\/wp\/v2\/posts"}],"about":[{"href":"https:\/\/zjarr.tv\/sq\/wp-json\/wp\/v2\/types\/post"}],"author":[{"embeddable":true,"href":"https:\/\/zjarr.tv\/sq\/wp-json\/wp\/v2\/users\/2016"}],"replies":[{"embeddable":true,"href":"https:\/\/zjarr.tv\/sq\/wp-json\/wp\/v2\/comments?post=177068"}],"version-history":[{"count":0,"href":"https:\/\/zjarr.tv\/sq\/wp-json\/wp\/v2\/posts\/177068\/revisions"}],"wp:featuredmedia":[{"embeddable":true,"href":"https:\/\/zjarr.tv\/sq\/wp-json\/wp\/v2\/media\/177070"}],"wp:attachment":[{"href":"https:\/\/zjarr.tv\/sq\/wp-json\/wp\/v2\/media?parent=177068"}],"wp:term":[{"taxonomy":"category","embeddable":true,"href":"https:\/\/zjarr.tv\/sq\/wp-json\/wp\/v2\/categories?post=177068"},{"taxonomy":"post_tag","embeddable":true,"href":"https:\/\/zjarr.tv\/sq\/wp-json\/wp\/v2\/tags?post=177068"}],"curies":[{"name":"wp","href":"https:\/\/api.w.org\/{rel}","templated":true}]}}