{"id":177073,"date":"2021-04-12T15:19:13","date_gmt":"2021-04-12T13:19:13","guid":{"rendered":"https:\/\/zjarr.tv\/?p=177073"},"modified":"2021-04-12T15:19:13","modified_gmt":"2021-04-12T13:19:13","slug":"frrok-cupi-nato-do-arrestoje-ilir-meten-ne-26-prill-spak-ka-20-dosje-te-renda-per-te","status":"publish","type":"post","link":"https:\/\/zjarr.tv\/sq\/frrok-cupi-nato-do-arrestoje-ilir-meten-ne-26-prill-spak-ka-20-dosje-te-renda-per-te\/","title":{"rendered":"Frrok \u00c7upi: NATO do arrestoj\u00eb Ilir Met\u00ebn n\u00eb 26 prill, SPAK ka 20 dosje t\u00eb r\u00ebnda p\u00ebr t\u00eb\u2026"},"content":{"rendered":"<p>Analisti Frrok \u00c7upi foli p\u00ebr bllokimin e aeroportit t\u00eb Rinasit para disa dit\u00ebsh nga kontrollor\u00ebt e trafikut ajror q\u00eb vendos\u00ebn t\u00eb mos jepnin sh\u00ebrbimin e tyre.<\/p>\n<p>&nbsp;<\/p>\n<p>Sipas \u00c7upit, presidenti Ilir Meta ka gisht n\u00eb k\u00ebt\u00eb \u00e7\u00ebshtje, nd\u00ebrsa pretendon se me 26 prill, do t\u00eb arrestohet nga forcat e NATO-s. Sa i p\u00ebrket \u00e7\u00ebsthjes s\u00eb Rinasit, thot\u00eb se do ishte v\u00ebn\u00eb n\u00eb pranga n\u00ebse bllokimi do t\u00eb zgjaste edhe disa or\u00eb.<\/p>\n<p>&nbsp;<\/p>\n<p>Nd\u00ebrsa nj\u00eb tjet\u00ebr problem q\u00eb ka Meta sipas \u00c7upi jan\u00eb dosjet e r\u00ebnda q\u00eb ka SPAK kund\u00ebr tij dhe kompanis\u00eb s\u00eb tij.<\/p>\n<p>&nbsp;<\/p>\n<p>Pjes\u00eb nga deklarata e \u00c7upit n\u00eb Top Channel:<\/p>\n<p>&nbsp;<\/p>\n<p>Ilir Meta \u00ebsht\u00eb kapur n\u00eb krim. Me 26 prill, Meta do t\u00eb arrestohet qoft\u00eb dhe nga forcat e NATO-s se kreu nj\u00eb akt tradhtie ndaj SHBA dhe NATO. N\u00ebse bojkotoi i hap\u00ebsirave qiellore do t\u00eb kishte zgjatur qoft\u00eb edhe disa or\u00eb, Ilir Meta do t\u00eb ishte n\u00eb pranga dhe n\u00eb NATO do t\u00eb ishte arrestuar n\u00eb kushtet e flagranc\u00ebs. Ka ndodhur n\u00eb disa raste, qoft\u00eb me princin e Arabis\u00eb Saudite q\u00eb kan\u00eb r\u00ebn\u00eb n\u00eb pranga p\u00ebr shkak t\u00eb pengesave t\u00eb tilla. Meta \u00ebsht\u00eb kapur n\u00eb spiunazh kund\u00ebr Amerik\u00ebs n\u00eb favor t\u00eb forcave t\u00eb tjera.<\/p>\n<p>&nbsp;<\/p>\n<p>Ajo ishte thyerje e madhe e aleancave q\u00eb takohen dhe ndahen n\u00eb kordonin q\u00eb tani \u00ebsht\u00eb prishur. Fati i Ilir Met\u00ebs \u00ebsht\u00eb parashkruar. Thjesht n\u00eb llogaritjes q\u00eb do b\u00ebj\u00eb, se 25 prilli nuk sjell asgj\u00eb p\u00ebr Ilir Met\u00ebn, n\u00eb llogaritjen e aleat\u00ebve do ket\u00eb nd\u00ebshkimin e tij. Problemi tjet\u00ebr \u00ebsht\u00eb i SPAK q\u00eb ka 20 e ca dosje t\u00eb r\u00ebnda t\u00eb Ilir Met\u00ebs dhe kompanis\u00eb s\u00eb tij. Akti i fundit q\u00eb u krye n\u00eb syt\u00eb tan\u00eb \u00ebsht\u00eb akti q\u00eb e ngat\u00ebrron, e p\u00ebrzien, e faj\u00ebson n\u00eb thyerjen e aleancave t\u00eb Shqip\u00ebris\u00eb me fuqit\u00eb e tjera. Mund t\u00eb ket\u00eb anuar dhe mund t\u00eb jet\u00eb nj\u00eb bashk\u00ebpunim i madh q\u00eb anojn\u00eb drejt Rusis\u00eb dhe fuqive t\u00eb tjera, por kjo ka b\u00ebr\u00eb q\u00eb Presidenti t\u2019i jap\u00eb zjarr.<\/p>\n","protected":false},"excerpt":{"rendered":"<p>Analisti Frrok \u00c7upi foli p\u00ebr bllokimin e aeroportit t\u00eb Rinasit para disa dit\u00ebsh nga kontrollor\u00ebt e trafikut ajror q\u00eb vendos\u00ebn t\u00eb mos jepnin sh\u00ebrbimin e tyre. &nbsp; Sipas \u00c7upit, presidenti Ilir Meta ka gisht n\u00eb k\u00ebt\u00eb \u00e7\u00ebshtje, nd\u00ebrsa pretendon se me 26 prill, do t\u00eb arrestohet nga forcat e NATO-s. Sa i p\u00ebrket \u00e7\u00ebsthjes s\u00eb [&hellip;]<\/p>\n","protected":false},"author":2031,"featured_media":164483,"comment_status":"closed","ping_status":"closed","sticky":false,"template":"","format":"standard","meta":{"footnotes":""},"categories":[231],"tags":[2347,312,329],"class_list":{"0":"post-177073","1":"post","2":"type-post","3":"status-publish","4":"format-standard","5":"has-post-thumbnail","7":"category-lajme","8":"tag-frrok-cupi","9":"tag-lajme","10":"tag-zjarr-tv"},"_links":{"self":[{"href":"https:\/\/zjarr.tv\/sq\/wp-json\/wp\/v2\/posts\/177073","targetHints":{"allow":["GET"]}}],"collection":[{"href":"https:\/\/zjarr.tv\/sq\/wp-json\/wp\/v2\/posts"}],"about":[{"href":"https:\/\/zjarr.tv\/sq\/wp-json\/wp\/v2\/types\/post"}],"author":[{"embeddable":true,"href":"https:\/\/zjarr.tv\/sq\/wp-json\/wp\/v2\/users\/2031"}],"replies":[{"embeddable":true,"href":"https:\/\/zjarr.tv\/sq\/wp-json\/wp\/v2\/comments?post=177073"}],"version-history":[{"count":0,"href":"https:\/\/zjarr.tv\/sq\/wp-json\/wp\/v2\/posts\/177073\/revisions"}],"wp:featuredmedia":[{"embeddable":true,"href":"https:\/\/zjarr.tv\/sq\/wp-json\/wp\/v2\/media\/164483"}],"wp:attachment":[{"href":"https:\/\/zjarr.tv\/sq\/wp-json\/wp\/v2\/media?parent=177073"}],"wp:term":[{"taxonomy":"category","embeddable":true,"href":"https:\/\/zjarr.tv\/sq\/wp-json\/wp\/v2\/categories?post=177073"},{"taxonomy":"post_tag","embeddable":true,"href":"https:\/\/zjarr.tv\/sq\/wp-json\/wp\/v2\/tags?post=177073"}],"curies":[{"name":"wp","href":"https:\/\/api.w.org\/{rel}","templated":true}]}}