{"id":177077,"date":"2021-04-12T15:25:00","date_gmt":"2021-04-12T13:25:00","guid":{"rendered":"https:\/\/zjarr.tv\/?p=177077"},"modified":"2021-04-12T15:25:00","modified_gmt":"2021-04-12T13:25:00","slug":"rama-shfrenon-gojen-ndoc-rrokun-do-tu-japin","status":"publish","type":"post","link":"https:\/\/zjarr.tv\/sq\/rama-shfrenon-gojen-ndoc-rrokun-do-tu-japin\/","title":{"rendered":"Rama shfrenon goj\u00ebn: Ndoc Rrokun do t\u2019u japin"},"content":{"rendered":"<p>Kryeministri Edi Rama \u00ebsht\u00eb ndalur n\u00eb Belsh p\u00ebr t\u00eb folur me t\u00eb rinjt\u00eb dhe qytetar\u00ebt.<\/p>\n<p>&nbsp;<\/p>\n<p>Gjat\u00eb fjal\u00ebs s\u00eb tij, ai tha se opozita po jep para p\u00ebr t\u00eb marr\u00eb vot\u00ebn. Por, sipas tij ata do t\u00eb marrin vet\u00ebm, Ndoc Rrokun.<\/p>\n<p>&nbsp;<\/p>\n<p>\u201cTjer\u00ebt e mbajn\u00eb mend mir\u00eb se \u00e7far\u00eb i ndodh nj\u00eb kombi kur harron q\u00eb \u00ebsht\u00eb puna q\u00eb t\u00eb jep suksesin, q\u00eb nuk ka receta \u00e7udib\u00ebr\u00ebse q\u00eb ta b\u00ebn jet\u00ebn rrafsh. Thon\u00eb me jep vot\u00ebn t\u00eb t\u00eb jap lek\u00eb, Noc Rrokun do ju japin.<\/p>\n<p>&nbsp;<\/p>\n<p>Ata nuk jan\u00eb provuar nj\u00ebher\u00eb, dy her\u00eb, i kan\u00eb l\u00ebn\u00eb t\u00eb gjith\u00eb rrug\u00ebve, i kan\u00eb l\u00ebn\u00eb t\u00eb gjith\u00eb pa shpres\u00eb. Jan\u00eb t\u00eb pak\u00ebnaqur sepse sa m\u00eb shum\u00eb b\u00ebjn\u00eb, aq m\u00eb shum\u00eb e shikojn\u00eb se sa shum\u00eb m\u00eb tep\u00ebr mund\u00ebsi kan\u00eb.<\/p>\n<p>&nbsp;<\/p>\n<p>Deri dje n\u00eb Belsh thonin aman rrug\u00ebn p\u00ebr t\u00eb ardhur e p\u00ebr t\u00eb ikur. Nuk thoshte njeri hajde t\u00eb b\u00ebjm\u00eb k\u00ebt\u00eb q\u00eb po b\u00ebn k\u00ebtu. Asnjeriu nuk i shkonte nd\u00ebrmend. Sot q\u00eb kemi ardhur n\u00eb k\u00ebt\u00eb pik\u00eb, mendja e t\u00eb gjith\u00ebve \u00ebsht\u00eb v\u00ebn\u00eb n\u00eb l\u00ebvizje p\u00ebr t\u00eb par\u00eb m\u00eb larg. Duhet koh\u00eb e durim. \u00cbsht\u00eb shum\u00eb e r\u00ebnd\u00ebsishme t\u00eb kuptohet kjo. Nuk \u00ebsht\u00eb vot\u00eb p\u00ebr nj\u00eb parti kund\u00ebr nj\u00eb partie tjet\u00ebr, \u00ebsht\u00eb vot\u00eb p\u00ebr t\u00eb vendosur n\u00eb \u00e7far\u00eb Shqip\u00ebrie do t\u00eb jetojm\u00eb. Mandati i tret\u00eb \u00ebsht\u00eb si ajo k\u00ebnga e famshme, \u201cas p\u00ebr mua, as p\u00ebr ti, por p\u00ebr t\u00eb gjith\u00eb Shqip\u00ebrin\u00eb\u201d,- tha Rama.<\/p>\n","protected":false},"excerpt":{"rendered":"<p>Kryeministri Edi Rama \u00ebsht\u00eb ndalur n\u00eb Belsh p\u00ebr t\u00eb folur me t\u00eb rinjt\u00eb dhe qytetar\u00ebt. &nbsp; Gjat\u00eb fjal\u00ebs s\u00eb tij, ai tha se opozita po jep para p\u00ebr t\u00eb marr\u00eb vot\u00ebn. Por, sipas tij ata do t\u00eb marrin vet\u00ebm, Ndoc Rrokun. &nbsp; \u201cTjer\u00ebt e mbajn\u00eb mend mir\u00eb se \u00e7far\u00eb i ndodh nj\u00eb kombi kur harron [&hellip;]<\/p>\n","protected":false},"author":2031,"featured_media":177060,"comment_status":"closed","ping_status":"closed","sticky":false,"template":"","format":"standard","meta":{"footnotes":""},"categories":[231,235],"tags":[312,302,329],"class_list":{"0":"post-177077","1":"post","2":"type-post","3":"status-publish","4":"format-standard","5":"has-post-thumbnail","7":"category-lajme","8":"category-vendi","9":"tag-lajme","10":"tag-rama","11":"tag-zjarr-tv"},"_links":{"self":[{"href":"https:\/\/zjarr.tv\/sq\/wp-json\/wp\/v2\/posts\/177077","targetHints":{"allow":["GET"]}}],"collection":[{"href":"https:\/\/zjarr.tv\/sq\/wp-json\/wp\/v2\/posts"}],"about":[{"href":"https:\/\/zjarr.tv\/sq\/wp-json\/wp\/v2\/types\/post"}],"author":[{"embeddable":true,"href":"https:\/\/zjarr.tv\/sq\/wp-json\/wp\/v2\/users\/2031"}],"replies":[{"embeddable":true,"href":"https:\/\/zjarr.tv\/sq\/wp-json\/wp\/v2\/comments?post=177077"}],"version-history":[{"count":0,"href":"https:\/\/zjarr.tv\/sq\/wp-json\/wp\/v2\/posts\/177077\/revisions"}],"wp:featuredmedia":[{"embeddable":true,"href":"https:\/\/zjarr.tv\/sq\/wp-json\/wp\/v2\/media\/177060"}],"wp:attachment":[{"href":"https:\/\/zjarr.tv\/sq\/wp-json\/wp\/v2\/media?parent=177077"}],"wp:term":[{"taxonomy":"category","embeddable":true,"href":"https:\/\/zjarr.tv\/sq\/wp-json\/wp\/v2\/categories?post=177077"},{"taxonomy":"post_tag","embeddable":true,"href":"https:\/\/zjarr.tv\/sq\/wp-json\/wp\/v2\/tags?post=177077"}],"curies":[{"name":"wp","href":"https:\/\/api.w.org\/{rel}","templated":true}]}}