{"id":177084,"date":"2021-04-12T15:35:23","date_gmt":"2021-04-12T13:35:23","guid":{"rendered":"https:\/\/zjarr.tv\/?p=177084"},"modified":"2021-04-12T15:35:23","modified_gmt":"2021-04-12T13:35:23","slug":"qeveria-kurti-ll-paralajmeron-rivendosjen-e-reciprocitetit-ndaj-serbise-e-drejte-qe-buron-nga-te-qenit-i-pavarur","status":"publish","type":"post","link":"https:\/\/zjarr.tv\/sq\/qeveria-kurti-ll-paralajmeron-rivendosjen-e-reciprocitetit-ndaj-serbise-e-drejte-qe-buron-nga-te-qenit-i-pavarur\/","title":{"rendered":"Qeveria Kurti ll paralajm\u00ebron rivendosjen e reciprocitetit ndaj Serbis\u00eb: E drejt\u00eb q\u00eb buron nga t\u00eb qenit i pavarur"},"content":{"rendered":"<p>Qeveria Kurti ll paralajm\u00ebron se do t\u00eb vendos\u00eb reciprocitetin ndaj Serbis\u00eb s\u00eb shpejti.<\/p>\n<p>Z\u00ebdh\u00ebn\u00ebsi i qeveris\u00ebm, P\u00ebrparim Kryeziu p\u00ebr nj\u00eb media ka deklaruar se reciprociteti buron nga e drejta p\u00ebr barazi, sovranitet dhe t\u00eb qenit i pavarur.<\/p>\n<p>Sipas tij, qytetar\u00ebt e Kosov\u00ebs kan\u00eb t\u00eb drejt\u00eb t\u00eb mbrohen nga sjellja arbitrare e shteteve t\u00eb tjera.<\/p>\n<p>&nbsp;<\/p>\n<p>\u201cReciprociteti \u00ebsht\u00eb e drejt\u00eb q\u00eb buron nga barazia dhe sovraniteti, pra t\u00eb qenit i pavarur, n\u00eb m\u00ebnyr\u00eb q\u00eb t\u00eb mbrohen qytetar\u00ebt nga sjellja arbitrare apo shkelja e t\u00eb drejtave dhe dinjitetit nga ana e shteteve tjera\u201d,- tha Kryeziu.<\/p>\n","protected":false},"excerpt":{"rendered":"<p>Qeveria Kurti ll paralajm\u00ebron se do t\u00eb vendos\u00eb reciprocitetin ndaj Serbis\u00eb s\u00eb shpejti. Z\u00ebdh\u00ebn\u00ebsi i qeveris\u00ebm, P\u00ebrparim Kryeziu p\u00ebr nj\u00eb media ka deklaruar se reciprociteti buron nga e drejta p\u00ebr barazi, sovranitet dhe t\u00eb qenit i pavarur. Sipas tij, qytetar\u00ebt e Kosov\u00ebs kan\u00eb t\u00eb drejt\u00eb t\u00eb mbrohen nga sjellja arbitrare e shteteve t\u00eb tjera. &nbsp; [&hellip;]<\/p>\n","protected":false},"author":2031,"featured_media":166502,"comment_status":"closed","ping_status":"closed","sticky":false,"template":"","format":"standard","meta":{"footnotes":""},"categories":[231],"tags":[2231,312,329],"class_list":{"0":"post-177084","1":"post","2":"type-post","3":"status-publish","4":"format-standard","5":"has-post-thumbnail","7":"category-lajme","8":"tag-kurti","9":"tag-lajme","10":"tag-zjarr-tv"},"_links":{"self":[{"href":"https:\/\/zjarr.tv\/sq\/wp-json\/wp\/v2\/posts\/177084","targetHints":{"allow":["GET"]}}],"collection":[{"href":"https:\/\/zjarr.tv\/sq\/wp-json\/wp\/v2\/posts"}],"about":[{"href":"https:\/\/zjarr.tv\/sq\/wp-json\/wp\/v2\/types\/post"}],"author":[{"embeddable":true,"href":"https:\/\/zjarr.tv\/sq\/wp-json\/wp\/v2\/users\/2031"}],"replies":[{"embeddable":true,"href":"https:\/\/zjarr.tv\/sq\/wp-json\/wp\/v2\/comments?post=177084"}],"version-history":[{"count":0,"href":"https:\/\/zjarr.tv\/sq\/wp-json\/wp\/v2\/posts\/177084\/revisions"}],"wp:featuredmedia":[{"embeddable":true,"href":"https:\/\/zjarr.tv\/sq\/wp-json\/wp\/v2\/media\/166502"}],"wp:attachment":[{"href":"https:\/\/zjarr.tv\/sq\/wp-json\/wp\/v2\/media?parent=177084"}],"wp:term":[{"taxonomy":"category","embeddable":true,"href":"https:\/\/zjarr.tv\/sq\/wp-json\/wp\/v2\/categories?post=177084"},{"taxonomy":"post_tag","embeddable":true,"href":"https:\/\/zjarr.tv\/sq\/wp-json\/wp\/v2\/tags?post=177084"}],"curies":[{"name":"wp","href":"https:\/\/api.w.org\/{rel}","templated":true}]}}