{"id":177736,"date":"2021-04-15T07:50:23","date_gmt":"2021-04-15T05:50:23","guid":{"rendered":"https:\/\/zjarr.tv\/?p=177736"},"modified":"2021-04-15T07:50:52","modified_gmt":"2021-04-15T05:50:52","slug":"arben-ahmetaj-mbi-shpatullat-e-kryeministrit-rane-dy-fatkeqesi-te-medha-dhe-ps-i-zgjidhi-dhe-do-ti-zgjidhe","status":"publish","type":"post","link":"https:\/\/zjarr.tv\/sq\/arben-ahmetaj-mbi-shpatullat-e-kryeministrit-rane-dy-fatkeqesi-te-medha-dhe-ps-i-zgjidhi-dhe-do-ti-zgjidhe\/","title":{"rendered":"Arben Ahmetaj: Mbi shpatullat e Kryeministrit ran\u00eb dy fatkeq\u00ebsi t\u00eb m\u00ebdha dhe PS i zgjidhi dhe do t\u2019i zgjidh\u00eb\u2026"},"content":{"rendered":"<p>N\u00eb nj\u00eb takim elektoral, zhvilluar dit\u00ebn e djeshme n\u00eb nj\u00ebsin\u00eb num\u00ebr kat\u00ebr n\u00eb Tiran\u00eb, Ministri i Rind\u00ebrtimit Arben Ahmetaj, tha se qeveria n\u00eb k\u00ebt\u00eb mandat \u00ebsht\u00eb p\u00ebrballur me dy fatkeq\u00ebsi t\u00eb m\u00ebdha, t\u00ebrmetin dhe pandemin\u00eb.<\/p>\n<p>Teksa p\u00ebrmendi vendet e tjera q\u00eb po kalojn\u00eb kriz\u00eb, Ahmetaj tha se Shqip\u00ebria ka shum\u00eb halle t\u00eb cilat sipas tij, PS i ka zgjidhur dhe do t\u2019i zgjidh\u00eb. Po ashtu, Ahmetaj nuk ndali akuzat ndaj opozit\u00ebs, p\u00ebr t\u00eb cil\u00ebn tha se nuk ka dh\u00ebn\u00eb as lek\u00ebt e invalid\u00ebve n\u00eb vitin 2012-t\u00eb.<\/p>\n<p><em style=\"font-weight: inherit;\">\u201cSht\u00ebpia jon\u00eb e bukur e p\u00ebrbashk\u00ebt PS e Shqip\u00ebris\u00eb. M\u00eb thoni n\u00eb \u00e7far\u00eb vendi t\u00eb bot\u00ebs ka ndodhur n\u00eb nj\u00eb vend t\u00eb bot\u00ebs, ku n\u00eb kurrizin e nj\u00eb populli, n\u00eb shpatullat e nj\u00eb kryeministri t\u00eb binin dy fatkeq\u00ebsi kaq t\u00eb m\u00ebdha: T\u00ebrmeti dhe pandemia. \u00c7dokush nga ju ka par\u00eb e ka d\u00ebgjuar se \u00e7far\u00eb ju ka ndodhur vendeve shum\u00eb m\u00eb t\u00eb forta. Anglia po kalon kriz\u00ebn e 300 viteve t\u00eb fundit. Vendi jon\u00eb \u00ebsht\u00eb i vog\u00ebl dhe ka shum\u00eb hall\u00eb. Shum\u00eb halle kemi zgjidhur dhe do t\u2019i zgjidhim.<\/em><\/p>\n<p><em style=\"font-weight: inherit;\">Mendojeni p\u00ebr nj\u00eb sekond se \u00e7far\u00eb do t\u00eb kishte ndodhur me at\u00eb n\u00ebn\u00ebn kur ne e vizituam dhe i dor\u00ebzuam \u00e7el\u00ebsat e sht\u00ebpis\u00eb. \u00c7far\u00eb do t\u00eb ndodhte n\u00eb nj\u00eb qeveri t\u00eb nj\u00eb bot\u00eb tjet\u00ebr, 21 janarin, \u201997 e t\u00eb tjera e si ajo q\u00eb nuk i dha buk\u00ebn e goj\u00ebs invalid\u00ebve. \u00c7far\u00eb do t\u00eb kishte ndodhur n\u00eb at\u00eb bot\u00eb. Ajo n\u00ebn\u00eb do t\u00eb endej dyerve t\u00eb bankave n\u00eb rastin m\u00eb t\u00eb mir\u00eb. Kjo \u00ebsht\u00eb nj\u00eb arsye pse ia vlen t\u00eb merremi me politik\u00eb dhe nj\u00eb arsye shum\u00eb e fort\u00eb p\u00ebr t\u00eb votuar Edi Ram\u00ebn,<\/em>\u201d u shpreh Ahmetaj.<\/p>\n<p>&nbsp;<\/p>\n","protected":false},"excerpt":{"rendered":"<p>N\u00eb nj\u00eb takim elektoral, zhvilluar dit\u00ebn e djeshme n\u00eb nj\u00ebsin\u00eb num\u00ebr kat\u00ebr n\u00eb Tiran\u00eb, Ministri i Rind\u00ebrtimit Arben Ahmetaj, tha se qeveria n\u00eb k\u00ebt\u00eb mandat \u00ebsht\u00eb p\u00ebrballur me dy fatkeq\u00ebsi t\u00eb m\u00ebdha, t\u00ebrmetin dhe pandemin\u00eb. Teksa p\u00ebrmendi vendet e tjera q\u00eb po kalojn\u00eb kriz\u00eb, Ahmetaj tha se Shqip\u00ebria ka shum\u00eb halle t\u00eb cilat sipas tij, [&hellip;]<\/p>\n","protected":false},"author":2016,"featured_media":177738,"comment_status":"closed","ping_status":"closed","sticky":false,"template":"","format":"standard","meta":{"footnotes":""},"categories":[241],"tags":[764],"class_list":{"0":"post-177736","1":"post","2":"type-post","3":"status-publish","4":"format-standard","5":"has-post-thumbnail","7":"category-aktualitet","8":"tag-lajme-zjarr-flet-arben-ahmetaj-zjarr-tv"},"_links":{"self":[{"href":"https:\/\/zjarr.tv\/sq\/wp-json\/wp\/v2\/posts\/177736","targetHints":{"allow":["GET"]}}],"collection":[{"href":"https:\/\/zjarr.tv\/sq\/wp-json\/wp\/v2\/posts"}],"about":[{"href":"https:\/\/zjarr.tv\/sq\/wp-json\/wp\/v2\/types\/post"}],"author":[{"embeddable":true,"href":"https:\/\/zjarr.tv\/sq\/wp-json\/wp\/v2\/users\/2016"}],"replies":[{"embeddable":true,"href":"https:\/\/zjarr.tv\/sq\/wp-json\/wp\/v2\/comments?post=177736"}],"version-history":[{"count":0,"href":"https:\/\/zjarr.tv\/sq\/wp-json\/wp\/v2\/posts\/177736\/revisions"}],"wp:featuredmedia":[{"embeddable":true,"href":"https:\/\/zjarr.tv\/sq\/wp-json\/wp\/v2\/media\/177738"}],"wp:attachment":[{"href":"https:\/\/zjarr.tv\/sq\/wp-json\/wp\/v2\/media?parent=177736"}],"wp:term":[{"taxonomy":"category","embeddable":true,"href":"https:\/\/zjarr.tv\/sq\/wp-json\/wp\/v2\/categories?post=177736"},{"taxonomy":"post_tag","embeddable":true,"href":"https:\/\/zjarr.tv\/sq\/wp-json\/wp\/v2\/tags?post=177736"}],"curies":[{"name":"wp","href":"https:\/\/api.w.org\/{rel}","templated":true}]}}