{"id":177740,"date":"2021-04-15T07:58:35","date_gmt":"2021-04-15T05:58:35","guid":{"rendered":"https:\/\/zjarr.tv\/?p=177740"},"modified":"2021-04-15T07:58:35","modified_gmt":"2021-04-15T05:58:35","slug":"basha-i-refuzoi-ftesen-per-bashkepunim-rama-lulzim-shqiptaret-duan-bashkim","status":"publish","type":"post","link":"https:\/\/zjarr.tv\/sq\/basha-i-refuzoi-ftesen-per-bashkepunim-rama-lulzim-shqiptaret-duan-bashkim\/","title":{"rendered":"Basha i refuzoi ftes\u00ebn p\u00ebr bashk\u00ebpunim, Rama: Lulzim Shqiptar\u00ebt duan bashkim\u2026"},"content":{"rendered":"<p>Kryeministri Edi Rama, ka vijuar replik\u00ebn n\u00eb distanc\u00eb me kryetarin e opozit\u00ebs Basha, pas refuzimit q\u00eb ky i fundit i b\u00ebri nj\u00eb ftese televizive t\u00eb Ram\u00ebs, p\u00ebr bashk\u00ebpunim pas 25 Prillit.<\/p>\n<p>\u201cPo pse vall\u00eb jan\u00eb m\u00eb t\u00eb r\u00ebnd\u00ebsish\u00ebm p\u00ebr ty Saliu dhe Iliri se sa Shqip\u00ebria Lul\u00ebzim?! Shqiptar\u00ebt duan bashkim, duan q\u00eb ne t\u00eb gjith\u00eb t\u00eb punojm\u00eb p\u00ebr ta dhe ekonomin\u00eb e tyre p\u00ebrtej pandemis\u00eb, duke e l\u00ebn\u00eb pas politik\u00ebn e vjet\u00ebr t\u00eb dasis\u00eb, konfliktit deri n\u00eb absurd! Pse ti jo?\u201d, shkruan Rama.<\/p>\n<p>M\u00eb her\u00ebt kreu i opozit\u00ebs, p\u00ebrmes nj\u00eb postimi n\u00eb t\u00ebiter, tha se Rama nuk do t\u00eb jet\u00eb kurr\u00eb pjes\u00eb e qeverisjes s\u00eb tij.<\/p>\n<p>\u201cN\u00eb 25 prill shqiptar\u00ebt do votojn\u00eb numrin 9 p\u00ebr ta larguar Ram\u00ebn dhe ai nuk do jet\u00eb kurr\u00eb pjes\u00eb e qeverisjes son\u00eb. Koha e tij ka mbaruar. Ne do t\u00eb sjellim ndryshimin dhe Shqip\u00ebria do fitoj\u00eb\u201d, shkroi Basha.<\/p>\n<p>&nbsp;<\/p>\n","protected":false},"excerpt":{"rendered":"<p>Kryeministri Edi Rama, ka vijuar replik\u00ebn n\u00eb distanc\u00eb me kryetarin e opozit\u00ebs Basha, pas refuzimit q\u00eb ky i fundit i b\u00ebri nj\u00eb ftese televizive t\u00eb Ram\u00ebs, p\u00ebr bashk\u00ebpunim pas 25 Prillit. \u201cPo pse vall\u00eb jan\u00eb m\u00eb t\u00eb r\u00ebnd\u00ebsish\u00ebm p\u00ebr ty Saliu dhe Iliri se sa Shqip\u00ebria Lul\u00ebzim?! Shqiptar\u00ebt duan bashkim, duan q\u00eb ne t\u00eb gjith\u00eb [&hellip;]<\/p>\n","protected":false},"author":2016,"featured_media":177742,"comment_status":"closed","ping_status":"closed","sticky":false,"template":"","format":"standard","meta":{"footnotes":""},"categories":[241,1454],"tags":[2413],"class_list":{"0":"post-177740","1":"post","2":"type-post","3":"status-publish","4":"format-standard","5":"has-post-thumbnail","7":"category-aktualitet","8":"category-politike","9":"tag-lajme-zjarr-rama-lulzim-shqiptaret-duan-bashkim-zjarr-tv"},"_links":{"self":[{"href":"https:\/\/zjarr.tv\/sq\/wp-json\/wp\/v2\/posts\/177740","targetHints":{"allow":["GET"]}}],"collection":[{"href":"https:\/\/zjarr.tv\/sq\/wp-json\/wp\/v2\/posts"}],"about":[{"href":"https:\/\/zjarr.tv\/sq\/wp-json\/wp\/v2\/types\/post"}],"author":[{"embeddable":true,"href":"https:\/\/zjarr.tv\/sq\/wp-json\/wp\/v2\/users\/2016"}],"replies":[{"embeddable":true,"href":"https:\/\/zjarr.tv\/sq\/wp-json\/wp\/v2\/comments?post=177740"}],"version-history":[{"count":0,"href":"https:\/\/zjarr.tv\/sq\/wp-json\/wp\/v2\/posts\/177740\/revisions"}],"wp:featuredmedia":[{"embeddable":true,"href":"https:\/\/zjarr.tv\/sq\/wp-json\/wp\/v2\/media\/177742"}],"wp:attachment":[{"href":"https:\/\/zjarr.tv\/sq\/wp-json\/wp\/v2\/media?parent=177740"}],"wp:term":[{"taxonomy":"category","embeddable":true,"href":"https:\/\/zjarr.tv\/sq\/wp-json\/wp\/v2\/categories?post=177740"},{"taxonomy":"post_tag","embeddable":true,"href":"https:\/\/zjarr.tv\/sq\/wp-json\/wp\/v2\/tags?post=177740"}],"curies":[{"name":"wp","href":"https:\/\/api.w.org\/{rel}","templated":true}]}}