{"id":177754,"date":"2021-04-15T08:47:43","date_gmt":"2021-04-15T06:47:43","guid":{"rendered":"https:\/\/zjarr.tv\/?p=177754"},"modified":"2021-04-15T09:04:57","modified_gmt":"2021-04-15T07:04:57","slug":"gazetari-e-pyeti-per-marredheniet-me-meten-majko-refuzon-te-pergjigjet-une-nuk-po-rrefehem-te-prifti","status":"publish","type":"post","link":"https:\/\/zjarr.tv\/sq\/gazetari-e-pyeti-per-marredheniet-me-meten-majko-refuzon-te-pergjigjet-une-nuk-po-rrefehem-te-prifti\/","title":{"rendered":"Gazetari e pyeti p\u00ebr marr\u00ebdh\u00ebniet me Met\u00ebn, Majko refuzon t\u00eb p\u00ebrgjigjet: Un\u00eb nuk po rr\u00ebfehem te prifti\u2026"},"content":{"rendered":"<p>Ministri Pandeli Majko, deklaroi mbr\u00ebm\u00eb se Presidenti Ilir Meta, konkuron edhe fjalorin e liderit t\u00eb opozit\u00ebs, Lulzim Basha, p\u00ebr nga ashp\u00ebrsia, gj\u00eb q\u00eb nuk \u00ebsht\u00eb e zakonshme p\u00ebr statur\u00ebn e kreut t\u00eb shtetit.<\/p>\n<p>Majko foli p\u00ebr \u201cVizion Plus\u201d, ku u pyet p\u00ebr marr\u00ebdh\u00ebniet m\u00eb personale me Met\u00ebn, Majko refuzoi t\u00eb jape detaje, duke th\u00ebn\u00eb se nuk kishte shkuar n\u00eb emision q\u00eb t\u00eb rr\u00ebfehej te prifti.<\/p>\n<p><em>\u201c\u00cbsht\u00eb nj\u00eb kund\u00ebrshtar politik i joni. Fjalori i tij konkurron bindsh\u00ebm me fjalorin e Bash\u00ebs. Nuk kam ardhur k\u00ebtu t\u00eb rr\u00ebfehem si\u00e7 rr\u00ebfehet dikush te prifti apo hoxha. Nuk dua t\u00eb aludoj q\u00eb kam ndonj\u00eb raport me zotin Meta. \u00cbsht\u00eb kund\u00ebrshtari yn\u00eb politik dhe kjo na ka b\u00ebr\u00eb t\u00eb qet\u00eb dhe t\u00eb menduesh\u00ebm\u201d,<\/em>\u00a0tha Majko duke hezituar q\u00eb t\u00eb flas\u00eb p\u00ebr marr\u00ebdh\u00ebnien personale q\u00eb ka me Met\u00ebn.<\/p>\n<p>Si dy ish-socialist\u00eb t\u00eb vjet\u00ebr dhe shok partie p\u00ebr shum\u00eb vite, sigurisht q\u00eb Majko me Met\u00ebn, hyjn\u00eb n\u00eb mesin e personave q\u00eb kur shihen rast\u00ebsisht, e shk\u00ebmbejn\u00eb ndonj\u00eb bised\u00eb mes tyre.<\/p>\n","protected":false},"excerpt":{"rendered":"<p>Ministri Pandeli Majko, deklaroi mbr\u00ebm\u00eb se Presidenti Ilir Meta, konkuron edhe fjalorin e liderit t\u00eb opozit\u00ebs, Lulzim Basha, p\u00ebr nga ashp\u00ebrsia, gj\u00eb q\u00eb nuk \u00ebsht\u00eb e zakonshme p\u00ebr statur\u00ebn e kreut t\u00eb shtetit. Majko foli p\u00ebr \u201cVizion Plus\u201d, ku u pyet p\u00ebr marr\u00ebdh\u00ebniet m\u00eb personale me Met\u00ebn, Majko refuzoi t\u00eb jape detaje, duke th\u00ebn\u00eb se [&hellip;]<\/p>\n","protected":false},"author":2016,"featured_media":177756,"comment_status":"closed","ping_status":"closed","sticky":false,"template":"","format":"standard","meta":{"footnotes":""},"categories":[241],"tags":[2417],"class_list":{"0":"post-177754","1":"post","2":"type-post","3":"status-publish","4":"format-standard","5":"has-post-thumbnail","7":"category-aktualitet","8":"tag-lajme-zjarr-majko-nuk-i-kthen-pergjigje-gazetarit-zjarr-tv"},"_links":{"self":[{"href":"https:\/\/zjarr.tv\/sq\/wp-json\/wp\/v2\/posts\/177754","targetHints":{"allow":["GET"]}}],"collection":[{"href":"https:\/\/zjarr.tv\/sq\/wp-json\/wp\/v2\/posts"}],"about":[{"href":"https:\/\/zjarr.tv\/sq\/wp-json\/wp\/v2\/types\/post"}],"author":[{"embeddable":true,"href":"https:\/\/zjarr.tv\/sq\/wp-json\/wp\/v2\/users\/2016"}],"replies":[{"embeddable":true,"href":"https:\/\/zjarr.tv\/sq\/wp-json\/wp\/v2\/comments?post=177754"}],"version-history":[{"count":0,"href":"https:\/\/zjarr.tv\/sq\/wp-json\/wp\/v2\/posts\/177754\/revisions"}],"wp:featuredmedia":[{"embeddable":true,"href":"https:\/\/zjarr.tv\/sq\/wp-json\/wp\/v2\/media\/177756"}],"wp:attachment":[{"href":"https:\/\/zjarr.tv\/sq\/wp-json\/wp\/v2\/media?parent=177754"}],"wp:term":[{"taxonomy":"category","embeddable":true,"href":"https:\/\/zjarr.tv\/sq\/wp-json\/wp\/v2\/categories?post=177754"},{"taxonomy":"post_tag","embeddable":true,"href":"https:\/\/zjarr.tv\/sq\/wp-json\/wp\/v2\/tags?post=177754"}],"curies":[{"name":"wp","href":"https:\/\/api.w.org\/{rel}","templated":true}]}}