{"id":177757,"date":"2021-04-15T09:04:39","date_gmt":"2021-04-15T07:04:39","guid":{"rendered":"https:\/\/zjarr.tv\/?p=177757"},"modified":"2021-04-15T09:04:39","modified_gmt":"2021-04-15T07:04:39","slug":"arben-ahmetaj-do-japim-10-mije-leke-ne-muaj-cifteve-te-reja-per-te-cuar-femijet-ne-cerdhe-private-ne-mendojme-per-shendetin-e-qytetarit","status":"publish","type":"post","link":"https:\/\/zjarr.tv\/sq\/arben-ahmetaj-do-japim-10-mije-leke-ne-muaj-cifteve-te-reja-per-te-cuar-femijet-ne-cerdhe-private-ne-mendojme-per-shendetin-e-qytetarit\/","title":{"rendered":"Arben Ahmetaj: Do japim 10 mij\u00eb lek\u00eb n\u00eb muaj \u00e7ifteve t\u00eb reja p\u00ebr t\u00eb \u00e7uar f\u00ebmij\u00ebt n\u00eb \u00e7erdhe private, ne mendojm\u00eb p\u00ebr sh\u00ebndetin e qytetarit\u2026"},"content":{"rendered":"<p>Ministri i Rind\u00ebrtimit, Arben Ahmetaj, n\u00eb kuad\u00ebr t\u00eb fushat\u00ebs elektorale, ka folur nga nj\u00ebsia num\u00ebr kat\u00ebr n\u00eb Tiran\u00eb, ku deklaroi se qeveria do t\u00eb jap\u00eb 10 mij\u00eb lek\u00eb n\u00eb muaj, p\u00ebr \u00e7iftet e reja p\u00ebr d\u00ebrguar f\u00ebmij\u00ebt n\u00eb \u00e7erdhe private. Gjithashtu, Ahmetaj theksoi se pala tjet\u00ebr, nuk ka dh\u00ebn\u00eb as lek\u00ebt e invalid\u00ebve kur ishte n\u00eb qeveri, duke shtuar se maxhoranca socialiste, mendon p\u00ebr sh\u00ebndetin e qytetarit.<\/p>\n<p>\u201cM\u00eb thoni n\u00eb \u00e7far\u00eb vendi t\u00eb bot\u00ebs ka ndodhur, q\u00eb n\u00eb shpatullat e nj\u00eb qeverie dhe t\u00eb nj\u00eb kryeministri t\u00eb bien dy fatkeq\u00ebsi t\u00eb m\u00ebdha si t\u00ebrmeti dhe pandemia. A do t\u00eb donit qeveri q\u00eb ka b\u00ebr\u00eb 21 janarin, q\u00eb nuk iu dha buk\u00ebn e goj\u00ebs invalid\u00ebve. Ne iu dham\u00eb sht\u00ebpi falas dhe ne merremi me politik\u00eb q\u00eb t\u00eb ndihmojm\u00eb njer\u00ebzit e prandaj duhet t\u00eb votojm\u00eb Edi Ram\u00ebn, PS-n\u00eb, numrin 12.<\/p>\n<p>Ne jemi qeveri shum\u00eb e p\u00ebrgjegjshme q\u00eb mendojm\u00eb p\u00ebr qytetarin. Ata b\u00ebn\u00eb 1997, kur k\u00ebtu ishte si ata filmat horror. Ne b\u00ebm\u00eb t\u00eb mundur q\u00eb librat nga klasa e par\u00eb n\u00eb t\u00eb n\u00ebnt\u00eb t\u00eb jen\u00eb falas. Bonusi i bebes u b\u00eb realitet nga ne. Ne do t\u00eb japim 10 mij\u00eb lek\u00eb n\u00eb muaj \u00e7ifteve t\u00eb reja p\u00ebr t\u00eb \u00e7uar f\u00ebmij\u00ebt n\u00eb \u00e7erdhe private. Ky quhet bonusi i \u00e7erdhes. Kjo sepse ne mendojm\u00eb p\u00ebr qytetar\u00ebt e k\u00ebtij vendi. Taksa progresive \u00ebsht\u00eb e drejt\u00eb dhe taksa e shesht\u00eb \u00ebsht\u00eb shkat\u00ebrruese p\u00ebr qytetar\u00ebt\u201d, u shpreh Ahmetaj.<\/p>\n<p>Ministri Ahmetaj n\u00ebnvizoi se deri n\u00eb shkurt 2022, do jen\u00eb vaksinuar e gjith\u00eb popullsia mbi 16 vje\u00e7.<\/p>\n<p>\u201cDeri n\u00eb shkurt 2022 do kemi vaksinuar t\u00eb gjith\u00eb popullsin\u00eb mbi 16 vje\u00e7. N\u00eb t\u00eb nj\u00ebjt\u00ebn pranver\u00eb 2022 nuk do ket\u00eb asnj\u00eb shenj\u00eb nga t\u00ebrmeti. Ne nuk jemi t\u00eb pagabuesh\u00ebm. M\u00eb 25 prill votoni PS-n\u00eb, votoni Ram\u00ebn, numrin 12, p\u00ebr nj\u00eb Shqip\u00ebri \u00e7do dit\u00eb e m\u00eb t\u00eb mir\u00eb\u201d, p\u00ebrfundoi Ahmetaj.<\/p>\n","protected":false},"excerpt":{"rendered":"<p>Ministri i Rind\u00ebrtimit, Arben Ahmetaj, n\u00eb kuad\u00ebr t\u00eb fushat\u00ebs elektorale, ka folur nga nj\u00ebsia num\u00ebr kat\u00ebr n\u00eb Tiran\u00eb, ku deklaroi se qeveria do t\u00eb jap\u00eb 10 mij\u00eb lek\u00eb n\u00eb muaj, p\u00ebr \u00e7iftet e reja p\u00ebr d\u00ebrguar f\u00ebmij\u00ebt n\u00eb \u00e7erdhe private. Gjithashtu, Ahmetaj theksoi se pala tjet\u00ebr, nuk ka dh\u00ebn\u00eb as lek\u00ebt e invalid\u00ebve kur ishte [&hellip;]<\/p>\n","protected":false},"author":2016,"featured_media":177759,"comment_status":"closed","ping_status":"closed","sticky":false,"template":"","format":"standard","meta":{"footnotes":""},"categories":[241],"tags":[2418],"class_list":{"0":"post-177757","1":"post","2":"type-post","3":"status-publish","4":"format-standard","5":"has-post-thumbnail","7":"category-aktualitet","8":"tag-lajme-zjarr-ahmetaj-mendojme-per-shendetin-e-qytetarit-zjarr-tv"},"_links":{"self":[{"href":"https:\/\/zjarr.tv\/sq\/wp-json\/wp\/v2\/posts\/177757","targetHints":{"allow":["GET"]}}],"collection":[{"href":"https:\/\/zjarr.tv\/sq\/wp-json\/wp\/v2\/posts"}],"about":[{"href":"https:\/\/zjarr.tv\/sq\/wp-json\/wp\/v2\/types\/post"}],"author":[{"embeddable":true,"href":"https:\/\/zjarr.tv\/sq\/wp-json\/wp\/v2\/users\/2016"}],"replies":[{"embeddable":true,"href":"https:\/\/zjarr.tv\/sq\/wp-json\/wp\/v2\/comments?post=177757"}],"version-history":[{"count":0,"href":"https:\/\/zjarr.tv\/sq\/wp-json\/wp\/v2\/posts\/177757\/revisions"}],"wp:featuredmedia":[{"embeddable":true,"href":"https:\/\/zjarr.tv\/sq\/wp-json\/wp\/v2\/media\/177759"}],"wp:attachment":[{"href":"https:\/\/zjarr.tv\/sq\/wp-json\/wp\/v2\/media?parent=177757"}],"wp:term":[{"taxonomy":"category","embeddable":true,"href":"https:\/\/zjarr.tv\/sq\/wp-json\/wp\/v2\/categories?post=177757"},{"taxonomy":"post_tag","embeddable":true,"href":"https:\/\/zjarr.tv\/sq\/wp-json\/wp\/v2\/tags?post=177757"}],"curies":[{"name":"wp","href":"https:\/\/api.w.org\/{rel}","templated":true}]}}