{"id":177761,"date":"2021-04-15T09:40:07","date_gmt":"2021-04-15T07:40:07","guid":{"rendered":"https:\/\/zjarr.tv\/?p=177761"},"modified":"2021-04-15T09:40:07","modified_gmt":"2021-04-15T07:40:07","slug":"erion-brace-tregtari-grabites-nuk-do-lejohet-te-vjedhe-me-ne-jemi-me-bujqit-ndershem-dhe-taksat-zero-per-ta","status":"publish","type":"post","link":"https:\/\/zjarr.tv\/sq\/erion-brace-tregtari-grabites-nuk-do-lejohet-te-vjedhe-me-ne-jemi-me-bujqit-ndershem-dhe-taksat-zero-per-ta\/","title":{"rendered":"Erion Bra\u00e7e: Tregtari grabit\u00ebs nuk do lejohet t\u00eb vjedh\u00eb m\u00eb, ne jemi me bujqit ndersh\u00ebm dhe taksat zero p\u00ebr ta\u2026"},"content":{"rendered":"<p>Zv.kryeministri Erion Bra\u00e7e, n\u00ebp\u00ebrmjet nj\u00eb postimi n\u00eb llogarin\u00eb e tij Facebook, \u00ebsht\u00eb shprehur se, tashm\u00eb ne e kemi b\u00ebr\u00eb fshatin pa tatime, e bujku i thjesht\u00eb do marr\u00eb djers\u00ebn e vet, ku sipas Bra\u00e7es, tregtari grabit\u00ebs nuk do t\u00eb lejohet m\u00eb q\u00eb t\u00eb vjedh\u00eb, djers\u00ebn e pun\u00ebtorit t\u00eb ndersh\u00ebm. Nd\u00ebr t\u00eb tjera, Bra\u00e7e shkruan se ne jemi me bujqit me taksat zero, jo me at\u00eb tregtarin grabit\u00ebs. Do t\u2019i japim fund vjedhjes a\u00eb turpshme, \u201c<em>Ua thash\u00eb q\u00eb kurr\u00eb s\u2019jane nj\u00ebsoj bujqit e zakonsh\u00ebm me papaq e traktor me nj\u00eb tregtar t\u00eb felliqur aty n\u00eb Mize q\u00eb ndrron makinat e shtrenjta deri n\u00eb 70 mij\u00eb euro \u00e7do tre muaj, duke u tallur me mundin e djers\u00ebn e tyre!<\/em><\/p>\n<p><em>Ligji do valoj edhe p\u00ebr t\u00eb, boll me paligjshm\u00ebri duke vjedhur bujqit e duke vjedhur buxhetin e shtetit! <\/em><em>Ecim! Nuk ka koh\u00eb p\u00ebr pushim; <\/em><em>Me bujqit, jo me tregtar\u00ebt grabit\u00ebs\u201d, <\/em>shkruan Bra\u00e7e n\u00eb postimin e tij.<\/p>\n<p>Postimi:<\/p>\n<p>\u201c<em>NE MIZE\/DIVJAKE, <\/em><\/p>\n<p><em>DJE NE MBREMJE VONE!<\/em><\/p>\n<p><em>ME NJEREZ SHUME,<\/em><\/p>\n<p><em>NJEREZ TE MIRE E PUNETORE!<\/em><\/p>\n<p><em>Pun\u00ebs s\u00eb tyre ju pergjigjem; <\/em><em>Kemi zgjidhur nj\u00eb her\u00eb e mir\u00eb ENERGJIN\u00cb ELEKTRIKE-rielektrifikuam fshatin, ujin e pish\u00ebm, ujin p\u00ebr vaditje deri n\u00eb parcel\u00ebn e fundit, urbanizuam t\u00eb gjith\u00eb fshatin ne\u00eb lindje e per\u00ebndim, veri e jug; <\/em><em>Sot n\u00eb mize nuk ka asnj\u00eb rrug\u00eb pa asfalt, kanalizime t\u00eb ujrave t\u00eb bardha, asnj\u00eb. <\/em><em>FSHATI PA TATIME E TAKSA PER IMPUTET BUJQ\u00cbSORE E T\u00cb ARDHURAT NGA PUNA, <\/em><em>KA EDHE M\u00cb SHUM\u00cb DUK N\u00cb MIZE, PREJ NJER\u00cbZVE E PUN\u00cbS S\u00cb TYRE T\u00cb JASHT\u00cbZAKONSHME! <\/em><em>Ua thash\u00eb dje; <\/em><em>Kurr\u00eb nuk do jen\u00eb n\u00ebn zgjedh\u00ebn, grabitjen e mundit e djers\u00ebs s\u00eb tyre, NGA NJ\u00cb I ARDHUR, <\/em><em>b\u00ebr\u00eb i pasur nga puna e djersa e nj\u00eb fshati t\u00eb t\u00ebr\u00eb, grabitja e \u00e7do bujku me \u00e7mime banale nga t\u00eb cilat kurre nuk fitoi qoft\u00eb edhe nje bujk i vet\u00ebm, <\/em><em>por u pasurua ve\u00e7 ai tregtar; <\/em><\/p>\n<p><em>Ua thash\u00eb q\u00eb kurr\u00eb s\u2019jane nj\u00ebsoj bujqit e zakonsh\u00ebm me papaq e traktor me nj\u00eb tregtar t\u00eb felliqur aty n\u00eb Mize q\u00eb ndrron makinat e shtrenjta deri n\u00eb 70 mij\u00eb euro \u00e7do tre muaj, duke u tallur me mundin e djers\u00ebn e tyre! <\/em><em>Ligji do valoj edhe p\u00ebr t\u00eb, boll me paligjshm\u00ebri duke vjedhur bujqit e duke vjedhur buxhetin e shtetit! <\/em><em>Ecim! Nuk ka koh\u00eb p\u00ebr pushim; <\/em><em>Me bujqit, jo me tregtar\u00ebt grabit\u00ebs! <\/em><em>Me bujqit e taksat zero p\u00ebr ta, <\/em><em>jo me tregtar\u00ebt grabit\u00ebs e uljen e tatime e tasave p\u00ebr fitimet e tyre t\u00eb turpshme<\/em>\u201d!<\/p>\n<p>&nbsp;<\/p>\n","protected":false},"excerpt":{"rendered":"<p>Zv.kryeministri Erion Bra\u00e7e, n\u00ebp\u00ebrmjet nj\u00eb postimi n\u00eb llogarin\u00eb e tij Facebook, \u00ebsht\u00eb shprehur se, tashm\u00eb ne e kemi b\u00ebr\u00eb fshatin pa tatime, e bujku i thjesht\u00eb do marr\u00eb djers\u00ebn e vet, ku sipas Bra\u00e7es, tregtari grabit\u00ebs nuk do t\u00eb lejohet m\u00eb q\u00eb t\u00eb vjedh\u00eb, djers\u00ebn e pun\u00ebtorit t\u00eb ndersh\u00ebm. Nd\u00ebr t\u00eb tjera, Bra\u00e7e shkruan se [&hellip;]<\/p>\n","protected":false},"author":2016,"featured_media":177763,"comment_status":"closed","ping_status":"closed","sticky":false,"template":"","format":"standard","meta":{"footnotes":""},"categories":[241,1454],"tags":[2419],"class_list":{"0":"post-177761","1":"post","2":"type-post","3":"status-publish","4":"format-standard","5":"has-post-thumbnail","7":"category-aktualitet","8":"category-politike","9":"tag-lajme-zjarr-brace-sdo-vjedhin-me-tregtaret-e-pasur-zjarr-tv"},"_links":{"self":[{"href":"https:\/\/zjarr.tv\/sq\/wp-json\/wp\/v2\/posts\/177761","targetHints":{"allow":["GET"]}}],"collection":[{"href":"https:\/\/zjarr.tv\/sq\/wp-json\/wp\/v2\/posts"}],"about":[{"href":"https:\/\/zjarr.tv\/sq\/wp-json\/wp\/v2\/types\/post"}],"author":[{"embeddable":true,"href":"https:\/\/zjarr.tv\/sq\/wp-json\/wp\/v2\/users\/2016"}],"replies":[{"embeddable":true,"href":"https:\/\/zjarr.tv\/sq\/wp-json\/wp\/v2\/comments?post=177761"}],"version-history":[{"count":0,"href":"https:\/\/zjarr.tv\/sq\/wp-json\/wp\/v2\/posts\/177761\/revisions"}],"wp:featuredmedia":[{"embeddable":true,"href":"https:\/\/zjarr.tv\/sq\/wp-json\/wp\/v2\/media\/177763"}],"wp:attachment":[{"href":"https:\/\/zjarr.tv\/sq\/wp-json\/wp\/v2\/media?parent=177761"}],"wp:term":[{"taxonomy":"category","embeddable":true,"href":"https:\/\/zjarr.tv\/sq\/wp-json\/wp\/v2\/categories?post=177761"},{"taxonomy":"post_tag","embeddable":true,"href":"https:\/\/zjarr.tv\/sq\/wp-json\/wp\/v2\/tags?post=177761"}],"curies":[{"name":"wp","href":"https:\/\/api.w.org\/{rel}","templated":true}]}}