{"id":177764,"date":"2021-04-15T09:51:15","date_gmt":"2021-04-15T07:51:15","guid":{"rendered":"https:\/\/zjarr.tv\/?p=177764"},"modified":"2021-04-15T09:52:21","modified_gmt":"2021-04-15T07:52:21","slug":"pandeli-majko-flet-hapur-nuk-ndihem-mire-i-19-ti-ne-liste-shume-socialiste-nuk-do-te-votojne","status":"publish","type":"post","link":"https:\/\/zjarr.tv\/sq\/pandeli-majko-flet-hapur-nuk-ndihem-mire-i-19-ti-ne-liste-shume-socialiste-nuk-do-te-votojne\/","title":{"rendered":"Pandeli Majko flet hapur: Nuk ndihem mir\u00eb i 19-ti n\u00eb list\u00eb, shum\u00eb socialist\u00eb nuk do t\u00eb votojn\u00eb\u2026"},"content":{"rendered":"<p>Ministri i Shtetit p\u00ebr Diaspor\u00ebn dhe kandidati p\u00ebr deputet Pandeli Majko, n\u00eb nj\u00eb intervist\u00eb p\u00ebrball\u00eb Alban Dudushit dhe Pranvera Borakajn, n\u00eb Vizion Plus, u shpreh se shqet\u00ebsimi i selis\u00eb roz\u00eb n\u00eb k\u00ebt\u00eb prag zgjedhjesh, jan\u00eb socialist\u00ebt q\u00eb mund t\u00eb q\u00ebndrojn\u00eb n\u00eb sht\u00ebpi dhe t\u00eb mos votojn\u00eb.<\/p>\n<p>\u201cNe kemi shqet\u00ebsim m\u00eb t\u00eb madh njer\u00ebzit t\u00eb cil\u00ebt na kan\u00eb votuar ne, po p\u00ebr shum\u00eb arsye nuk e kan\u00eb vendosur akoma p\u00ebr t\u00eb dal\u00eb dhe p\u00ebr t\u00eb na votuar. Dhe ky \u00ebsht\u00eb nj\u00eb rrezik real p\u00ebr ne si t\u00eb majt\u00eb. N\u00eb qoft\u00eb se ne dikush q\u00eb na ka votuar, q\u00ebndron n\u00eb sht\u00ebpi, sepse sipas t\u00eb gjith\u00eb testimeve q\u00eb kemi b\u00ebr\u00eb ata q\u00eb na kan\u00eb votuar nuk b\u00ebhet fjal\u00eb, t\u00eb pakt\u00ebn n\u00eb dy zgjedhjet e fundit, q\u00eb t\u00eb shkojn\u00eb t\u00eb votojn\u00eb p\u00ebr kund\u00ebrshtar\u00ebt tan\u00eb, por mund t\u00eb rrin\u00eb n\u00eb sht\u00ebpi. At\u00ebher\u00eb ky do t\u00eb ishte nj\u00eb rrezik real\u201d, deklaroi Pandeli Majko<\/p>\n<p>I pyetur p\u00ebr pozicionin e tij n\u00eb listat p\u00ebr deputet, Majko u shpreh se nuk ndihet mir\u00eb. Ai gjithashtu shtoi se brezi i tij politik, sipas tij, nuk ka shum\u00eb gj\u00ebra t\u00eb tjera p\u00ebr t\u2019i dh\u00ebn\u00eb politik\u00ebs. Dhe kjo \u00ebsht\u00eb arsyeja q\u00eb Majko referon p\u00ebrse nuk ka folur p\u00ebr vij\u00ebn e zjarrit.<\/p>\n<p>\u201cUn\u00eb tek 19-ta, n\u00ebse do m\u00eb pyesni a ndihem mir\u00eb, jo nuk ndihem mir\u00eb. Nuk ndihem mir\u00eb, sepse statusi im aktualisht \u00ebsht\u00eb i barabart\u00eb me statusin e dikujt q\u00eb \u00ebsht\u00eb i njohur si p\u00ebrkrah\u00ebs i Partis\u00eb Socialiste dhe n\u00ebse n\u00eb dat\u00ebn 26 merret vesh q\u00eb kund\u00ebrshtari yn\u00eb ka fituar, ai rrezikohet si\u00e7 rrezikohem un\u00eb, si\u00e7 rrezikohet Edi Rama, Gramoz Ru\u00e7i, etj\u201d, tha Majko.<\/p>\n<p>&nbsp;<\/p>\n","protected":false},"excerpt":{"rendered":"<p>Ministri i Shtetit p\u00ebr Diaspor\u00ebn dhe kandidati p\u00ebr deputet Pandeli Majko, n\u00eb nj\u00eb intervist\u00eb p\u00ebrball\u00eb Alban Dudushit dhe Pranvera Borakajn, n\u00eb Vizion Plus, u shpreh se shqet\u00ebsimi i selis\u00eb roz\u00eb n\u00eb k\u00ebt\u00eb prag zgjedhjesh, jan\u00eb socialist\u00ebt q\u00eb mund t\u00eb q\u00ebndrojn\u00eb n\u00eb sht\u00ebpi dhe t\u00eb mos votojn\u00eb. \u201cNe kemi shqet\u00ebsim m\u00eb t\u00eb madh njer\u00ebzit t\u00eb cil\u00ebt [&hellip;]<\/p>\n","protected":false},"author":2016,"featured_media":177766,"comment_status":"closed","ping_status":"closed","sticky":false,"template":"","format":"standard","meta":{"footnotes":""},"categories":[241,1454],"tags":[2420],"class_list":{"0":"post-177764","1":"post","2":"type-post","3":"status-publish","4":"format-standard","5":"has-post-thumbnail","7":"category-aktualitet","8":"category-politike","9":"tag-lajme-zjarr-majko-nuk-ndihem-mire-i-19-ti-zjarr-tv"},"_links":{"self":[{"href":"https:\/\/zjarr.tv\/sq\/wp-json\/wp\/v2\/posts\/177764","targetHints":{"allow":["GET"]}}],"collection":[{"href":"https:\/\/zjarr.tv\/sq\/wp-json\/wp\/v2\/posts"}],"about":[{"href":"https:\/\/zjarr.tv\/sq\/wp-json\/wp\/v2\/types\/post"}],"author":[{"embeddable":true,"href":"https:\/\/zjarr.tv\/sq\/wp-json\/wp\/v2\/users\/2016"}],"replies":[{"embeddable":true,"href":"https:\/\/zjarr.tv\/sq\/wp-json\/wp\/v2\/comments?post=177764"}],"version-history":[{"count":0,"href":"https:\/\/zjarr.tv\/sq\/wp-json\/wp\/v2\/posts\/177764\/revisions"}],"wp:featuredmedia":[{"embeddable":true,"href":"https:\/\/zjarr.tv\/sq\/wp-json\/wp\/v2\/media\/177766"}],"wp:attachment":[{"href":"https:\/\/zjarr.tv\/sq\/wp-json\/wp\/v2\/media?parent=177764"}],"wp:term":[{"taxonomy":"category","embeddable":true,"href":"https:\/\/zjarr.tv\/sq\/wp-json\/wp\/v2\/categories?post=177764"},{"taxonomy":"post_tag","embeddable":true,"href":"https:\/\/zjarr.tv\/sq\/wp-json\/wp\/v2\/tags?post=177764"}],"curies":[{"name":"wp","href":"https:\/\/api.w.org\/{rel}","templated":true}]}}