{"id":177774,"date":"2021-04-15T10:43:25","date_gmt":"2021-04-15T08:43:25","guid":{"rendered":"https:\/\/zjarr.tv\/?p=177774"},"modified":"2021-04-15T10:43:25","modified_gmt":"2021-04-15T08:43:25","slug":"basha-me-zv-presidentin-e-ke-brenda-100-diteve-nisim-negociatat-me-be","status":"publish","type":"post","link":"https:\/\/zjarr.tv\/sq\/basha-me-zv-presidentin-e-ke-brenda-100-diteve-nisim-negociatat-me-be\/","title":{"rendered":"Basha me zv\/Presidentin e KE: Brenda 100 dit\u00ebve nisim negociatat me BE\u2026"},"content":{"rendered":"<p>Kryetari i Partis\u00eb Demokratike, Lulzim Basha, ka zhvilluar nj\u00eb bised\u00eb online m\u00eb zv\/Presidentin e Komisionit Europian, nj\u00ebkoh\u00ebsisht Komisioner p\u00ebr M\u00ebnyr\u00ebn Europiane t\u00eb jetes\u00ebs, Margaritis Schinas. Gjat\u00eb fja\u00ebs s\u00eb tij, kreu i opozit\u00ebs ka theksuar se\u00a0<em>\u201cpa integrimin europian t\u00eb Shqip\u00ebris\u00eb nuk do t\u00eb jemi n\u00eb gjendje t\u00eb sigurojm\u00eb standardet e jetes\u00ebs\u201d<\/em>\u00a0teksa vler\u00ebsoi se arritjet kryesore p\u00ebr Shqip\u00ebrin\u00eb jan\u00eb sh\u00ebnuar, duke punuar s\u00eb bashku me partner\u00ebt.<\/p>\n<p>Gjithashtu, Basha shprehu bindjen se ai dhe ekipi i tij, jan\u00eb n\u00eb gjendje ta realizojn\u00eb an\u00ebtar\u00ebsimin e plot\u00eb t\u00eb vendit n\u00eb Bashkimin Europian.nPo ashtu kreu i PD-s\u00eb, theksoi se integrim n\u00eb BE do t\u00eb thot\u00eb ndihm\u00eb p\u00ebr ekonomin\u00eb q\u00eb t\u00eb dal\u00eb nga kriza, rritje pagash dhe investime publike. M\u00eb tej Basha u shpreh<em>\u201cbrenda 100 dit\u00ebve t\u00eb para t\u00eb qeveris\u00eb sime ta b\u00ebjm\u00eb t\u00eb mundur hapjen e negociatave.\u201d<\/em><\/p>\n<p>Tem\u00eb e bised\u00ebs, ishte edhe pandemia dhe \u00e7\u00ebshtja e vaksinimit. Basha e konsideroi p\u00ebrpar\u00ebsi kryesore transparenc\u00ebn dhe bashk\u00ebpunimin me BE p\u00ebr t\u00eb sjell\u00eb n\u00eb Shqip\u00ebri vaksina t\u00eb certifikuara nga unioni. Gjat\u00eb bised\u00ebs, Basha u ndal edhe te programi\u00a0 PD p\u00ebr t\u00eb rinjt\u00eb. Ai tha se t\u00eb rinjt\u00eb shqiptar\u00eb do t\u00eb trajnohen n\u00eb teknologji dhe profesione t\u00eb tjera q\u00eb t\u00eb sigurojn\u00eb paga t\u00eb larta nga investimet europiane q\u00eb do t\u00eb vijn\u00eb dhe do t\u00eb hapin vende t\u00eb reja pune t\u00eb mir\u00ebpaguara. Ai u shpreh se Shqip\u00ebria\u00a0<em>ka \u201cnevoj\u00eb p\u00ebr ndihm\u00ebn tuaj, kemi nevoj\u00eb p\u00ebr udh\u00ebzimin tuaj dhe un\u00eb mund t\u2019ju siguroj q\u00eb kemi ekipin m\u00eb t\u00eb mir\u00eb s\u00eb bashku, kemi nj\u00eb projekt dhe vizion shum\u00eb t\u00eb qart\u00eb\u201d.<\/em> 8 vitet n\u00eb vendnum\u00ebro, n\u00ebnvizoi Basha, e kan\u00eb l\u00ebn\u00eb Shqip\u00ebrin\u00eb pas \u00e7do vendi n\u00eb rajon, prandaj nuk duhet t\u00eb humbasim m\u00eb shum\u00eb koh\u00eb. Komisioneri Schinas, nga ana e tij vler\u00ebsoi si krejt\u00ebsisht t\u00eb mundur hapjen e negociatave, pas zgjedhjeve t\u00eb 25 Prillit.<\/p>\n<p><em>\u201cJu personalisht si ish-Minist\u00ebr i Brendsh\u00ebm, keni shum\u00eb arsye p\u00ebr t\u2019u krenuar me at\u00eb q\u00eb \u00ebsht\u00eb b\u00ebr\u00eb tashm\u00eb dhe natyrisht ky liberalizim i vizave nuk \u00ebsht\u00eb nj\u00eb gj\u00eb e leht\u00eb dhe nuk ishte e sigurt\u00eb. Ju e dini sa komplekse ishte dhe k\u00ebshilla ime \u00ebsht\u00eb t\u00eb mos tregoheni shum\u00eb modest\u00eb n\u00eb lidhje me t\u00eb. Kjo \u00ebsht\u00eb di\u00e7ka q\u00eb ju, si udh\u00ebheq\u00ebs dhe si individ, duhet ta tregoni m\u00eb shum\u00eb, si di\u00e7ka n\u00eb politik\u00eb q\u00eb ka ndryshuar gj\u00ebrat p\u00ebr mir\u00eb\u201d,<\/em>\u00a0tha ai.<\/p>\n<p>Nd\u00ebrsa, kru i PD-s\u00eb Basha n\u00ebnvizoi angazhimin e tij, p\u00ebr t\u00eb kthyer normalitetin n\u00eb kultur\u00ebn politike shqiptare.\u00a0<em>K\u00ebto zgjedhje<\/em>,-u shpreh ai,-<em>kan\u00eb t\u00eb b\u00ebjn\u00eb m\u00eb njer\u00ebzit, t\u00eb ardhmen e tyre. Prandaj \u00ebsht\u00eb e domosdoshme q\u00eb t\u00eb shkojm\u00eb tek njer\u00ebzit me propozime realiste.<\/em><\/p>\n<p><em>\u201cNe propozojm\u00eb nj\u00eb taks\u00eb t\u00eb shesht\u00eb prej 9%, barazin\u00eb para ligjit ku t\u00eb gjith\u00eb trajtohen nj\u00ebsoj dhe jo ku nj\u00eb pjes\u00eb e njer\u00ebzve po gllab\u00ebrojn\u00eb buxhetin, pronat , pasurit\u00eb publike t\u00eb vendit dhe t\u00eb gjith\u00eb t\u00eb tjer\u00ebt vuajn\u00eb. K\u00ebto zgjedhje kan\u00eb t\u00eb b\u00ebjn\u00eb me ecjen p\u00ebrpara drejt t\u00eb ardhmes n\u00eb BE ose p\u00ebr t\u00eb vazhduar q\u00ebndrimin n\u00eb vendnum\u00ebro si ne k\u00ebto tet\u00eb vjet. Por ato duhet t\u00eb jen\u00eb t\u00eb lira dhe t\u00eb ndersh\u00ebm si\u00e7 kan\u00eb n\u00ebnvizuar dhe vazhdojn\u00eb t\u00eb n\u00ebnvizojn\u00eb \u00e7do dit\u00eb komisioni dhe k\u00ebshilli dhe partner\u00ebt tan\u00eb strategjik\u00eb t\u00eb SHBA<\/em>\u201d, p\u00ebrfundoi Basha.<\/p>\n<p>&nbsp;<\/p>\n","protected":false},"excerpt":{"rendered":"<p>Kryetari i Partis\u00eb Demokratike, Lulzim Basha, ka zhvilluar nj\u00eb bised\u00eb online m\u00eb zv\/Presidentin e Komisionit Europian, nj\u00ebkoh\u00ebsisht Komisioner p\u00ebr M\u00ebnyr\u00ebn Europiane t\u00eb jetes\u00ebs, Margaritis Schinas. Gjat\u00eb fja\u00ebs s\u00eb tij, kreu i opozit\u00ebs ka theksuar se\u00a0\u201cpa integrimin europian t\u00eb Shqip\u00ebris\u00eb nuk do t\u00eb jemi n\u00eb gjendje t\u00eb sigurojm\u00eb standardet e jetes\u00ebs\u201d\u00a0teksa vler\u00ebsoi se arritjet kryesore p\u00ebr [&hellip;]<\/p>\n","protected":false},"author":2016,"featured_media":177776,"comment_status":"closed","ping_status":"closed","sticky":false,"template":"","format":"standard","meta":{"footnotes":""},"categories":[241],"tags":[2422],"class_list":{"0":"post-177774","1":"post","2":"type-post","3":"status-publish","4":"format-standard","5":"has-post-thumbnail","7":"category-aktualitet","8":"tag-lajme-zjarr-basha-me-zv-presidentin-e-ke-zjarr-tv"},"_links":{"self":[{"href":"https:\/\/zjarr.tv\/sq\/wp-json\/wp\/v2\/posts\/177774","targetHints":{"allow":["GET"]}}],"collection":[{"href":"https:\/\/zjarr.tv\/sq\/wp-json\/wp\/v2\/posts"}],"about":[{"href":"https:\/\/zjarr.tv\/sq\/wp-json\/wp\/v2\/types\/post"}],"author":[{"embeddable":true,"href":"https:\/\/zjarr.tv\/sq\/wp-json\/wp\/v2\/users\/2016"}],"replies":[{"embeddable":true,"href":"https:\/\/zjarr.tv\/sq\/wp-json\/wp\/v2\/comments?post=177774"}],"version-history":[{"count":0,"href":"https:\/\/zjarr.tv\/sq\/wp-json\/wp\/v2\/posts\/177774\/revisions"}],"wp:featuredmedia":[{"embeddable":true,"href":"https:\/\/zjarr.tv\/sq\/wp-json\/wp\/v2\/media\/177776"}],"wp:attachment":[{"href":"https:\/\/zjarr.tv\/sq\/wp-json\/wp\/v2\/media?parent=177774"}],"wp:term":[{"taxonomy":"category","embeddable":true,"href":"https:\/\/zjarr.tv\/sq\/wp-json\/wp\/v2\/categories?post=177774"},{"taxonomy":"post_tag","embeddable":true,"href":"https:\/\/zjarr.tv\/sq\/wp-json\/wp\/v2\/tags?post=177774"}],"curies":[{"name":"wp","href":"https:\/\/api.w.org\/{rel}","templated":true}]}}