{"id":177783,"date":"2021-04-15T11:07:18","date_gmt":"2021-04-15T09:07:18","guid":{"rendered":"https:\/\/zjarr.tv\/?p=177783"},"modified":"2021-04-15T11:07:18","modified_gmt":"2021-04-15T09:07:18","slug":"plas-keq-debati-mes-murrizit-dhe-agim-bacit-murrizi-e-quan-karabush-kandidati-heq-mikrofonin-mua-mos-mu-drejto-me-ato-fjale","status":"publish","type":"post","link":"https:\/\/zjarr.tv\/sq\/plas-keq-debati-mes-murrizit-dhe-agim-bacit-murrizi-e-quan-karabush-kandidati-heq-mikrofonin-mua-mos-mu-drejto-me-ato-fjale\/","title":{"rendered":"Plas keq debati mes Murrizit dhe Agim Ba\u00e7it\/ Murrizi e quan \u201ckarabush\u201d, kandidati heq mikrofonin, mua mos m\u2019u drejto me ato fjal\u00eb\u2026"},"content":{"rendered":"<p>Mbr\u00ebmjen e djeshme, ka pasur nj\u00eb debat t\u00eb ashp\u00ebr, mes deputetit Myslim Murrizi dhe kandidatit t\u00eb PD-s\u00eb p\u00ebr deputet n\u00eb qarkun e Durr\u00ebsit, Agim Ba\u00e7i. Shkak p\u00ebr k\u00ebt\u00eb debat, \u00ebsht\u00eb b\u00ebr\u00eb etiketimi q\u00eb Murrizi i b\u00ebri Ba\u00e7it, duke e quajtur \u201cKarrabush\u201d dhe \u2018birbo\u201d, nd\u00ebrsa Ba\u00e7i ka k\u00ebrkuar q\u00eb t\u00eb fikeshin kamerat, n\u00eb m\u00ebnyr\u00eb q\u00eb t\u00eb sqarohej debati.<\/p>\n<p>N\u00eb k\u00ebt\u00eb moment, ka nd\u00ebrhyr\u00eb dhe moderatori Denis Minga, i cili u ka k\u00ebrkuar t\u00eb dy kandidat\u00ebve q\u00eb t\u00eb qet\u00ebsoheshin. N\u00eb mesin e debatit, Ba\u00e7i i ka drejtuar gishtin tregues, nd\u00ebrkoh\u00eb q\u00eb Murrizi e ka shnd\u00ebrruar n\u00eb banalitet debatin.<\/p>\n<p>Murrizi:\u00a0Ti je i mpir\u00eb nga trut\u00eb e kok\u00ebs nga Basha<\/p>\n<p>Ba\u00e7i:\u00a0Avash avash zot\u00ebri, avash o zot\u00ebri<\/p>\n<p>Murrizi:\u00a0T\u00eb t\u00eb kthej memorien ty?<\/p>\n<p>Ba\u00e7i:\u00a0Avash o zot\u00ebri se jemi p\u00ebr pun\u00eb tjet\u00ebr k\u00ebtu<\/p>\n<p>Murrizi:\u00a0Ky vjen si karabush k\u00ebtu. Hape PLL-n\u00eb n\u00eb 2009 ka qen\u00eb me PD aleate. M\u00eb bie birbo n\u00eb studio ti<\/p>\n<p>Ba\u00e7i:\u00a0O zot\u00ebri\u2026<\/p>\n<p>Murrizi:\u00a0S\u2019jam zot\u00ebri p\u00ebr ty un\u00eb<\/p>\n<p>Ba\u00e7i:\u00a0Un\u00eb po t\u00eb lavd\u00ebroj q\u00eb po t\u00eb them zot\u00ebri. Mua mos m\u2019u drejto me ato fjal\u00eb<\/p>\n<p>Murrizi:\u00a0Un\u00eb t\u00eb drejtohem me \u00e7a t\u00eb kem qejf<\/p>\n<p>Ba\u00e7i:\u00a0M\u00eb drejtohesh mua me \u00e7far\u00eb ke qejf? (I drejton gishtin tregues)<\/p>\n<p>Murrizi:\u00a0Gishtin gjej vend e fute, gjej vend e fute<\/p>\n<p>Ba\u00e7i:\u00a0Nd\u00ebrprite \u00e7ik nd\u00ebrprite\u2026<\/p>\n<p>Murrizi:\u00a0Ik po deshe<\/p>\n<p>Ba\u00e7i:\u00a0Nd\u00ebrprite\u2026<\/p>\n<p>Drejtuesi i emisionit:\u00a0T\u00eb lutem Gimi, je i respektuar dhe do kesh koh\u00ebn t\u00ebnde<\/p>\n<p>Murrizi:\u00a0Iki ku t\u00eb kem qejf un\u00eb<\/p>\n<p>Ba\u00e7i:\u00a0Jo ore do ikim bashk\u00eb ne\u2026<\/p>\n<p>&nbsp;<\/p>\n","protected":false},"excerpt":{"rendered":"<p>Mbr\u00ebmjen e djeshme, ka pasur nj\u00eb debat t\u00eb ashp\u00ebr, mes deputetit Myslim Murrizi dhe kandidatit t\u00eb PD-s\u00eb p\u00ebr deputet n\u00eb qarkun e Durr\u00ebsit, Agim Ba\u00e7i. Shkak p\u00ebr k\u00ebt\u00eb debat, \u00ebsht\u00eb b\u00ebr\u00eb etiketimi q\u00eb Murrizi i b\u00ebri Ba\u00e7it, duke e quajtur \u201cKarrabush\u201d dhe \u2018birbo\u201d, nd\u00ebrsa Ba\u00e7i ka k\u00ebrkuar q\u00eb t\u00eb fikeshin kamerat, n\u00eb m\u00ebnyr\u00eb q\u00eb t\u00eb [&hellip;]<\/p>\n","protected":false},"author":2016,"featured_media":177785,"comment_status":"closed","ping_status":"closed","sticky":false,"template":"","format":"standard","meta":{"footnotes":""},"categories":[241],"tags":[2424],"class_list":{"0":"post-177783","1":"post","2":"type-post","3":"status-publish","4":"format-standard","5":"has-post-thumbnail","7":"category-aktualitet","8":"tag-lajme-zjarr-plas-debati-mes-murrizit-bacit-zjarr-tv"},"_links":{"self":[{"href":"https:\/\/zjarr.tv\/sq\/wp-json\/wp\/v2\/posts\/177783","targetHints":{"allow":["GET"]}}],"collection":[{"href":"https:\/\/zjarr.tv\/sq\/wp-json\/wp\/v2\/posts"}],"about":[{"href":"https:\/\/zjarr.tv\/sq\/wp-json\/wp\/v2\/types\/post"}],"author":[{"embeddable":true,"href":"https:\/\/zjarr.tv\/sq\/wp-json\/wp\/v2\/users\/2016"}],"replies":[{"embeddable":true,"href":"https:\/\/zjarr.tv\/sq\/wp-json\/wp\/v2\/comments?post=177783"}],"version-history":[{"count":0,"href":"https:\/\/zjarr.tv\/sq\/wp-json\/wp\/v2\/posts\/177783\/revisions"}],"wp:featuredmedia":[{"embeddable":true,"href":"https:\/\/zjarr.tv\/sq\/wp-json\/wp\/v2\/media\/177785"}],"wp:attachment":[{"href":"https:\/\/zjarr.tv\/sq\/wp-json\/wp\/v2\/media?parent=177783"}],"wp:term":[{"taxonomy":"category","embeddable":true,"href":"https:\/\/zjarr.tv\/sq\/wp-json\/wp\/v2\/categories?post=177783"},{"taxonomy":"post_tag","embeddable":true,"href":"https:\/\/zjarr.tv\/sq\/wp-json\/wp\/v2\/tags?post=177783"}],"curies":[{"name":"wp","href":"https:\/\/api.w.org\/{rel}","templated":true}]}}