{"id":177790,"date":"2021-04-15T12:17:15","date_gmt":"2021-04-15T10:17:15","guid":{"rendered":"https:\/\/zjarr.tv\/?p=177790"},"modified":"2021-04-15T12:17:15","modified_gmt":"2021-04-15T10:17:15","slug":"taulant-balla-mandati-yne-i-ri-do-te-jete-mandati-fitues-per-bashkine-e-elbasanit","status":"publish","type":"post","link":"https:\/\/zjarr.tv\/sq\/taulant-balla-mandati-yne-i-ri-do-te-jete-mandati-fitues-per-bashkine-e-elbasanit\/","title":{"rendered":"Taulant Balla: Mandati yn\u00eb i ri do t\u00eb jet\u00eb mandati fitues p\u00ebr Bashkin\u00eb e Elbasanit\u2026"},"content":{"rendered":"<p>Numri 2 i Partis\u00eb Socialiste, Taulant Balla, p\u00ebrmes nj\u00eb postimi n\u00eb Facebook, \u00ebsht\u00eb shprehur me entuziaz\u00ebm, sa i p\u00ebrket mandatit t\u00eb ri, ku sipas tij, PS \u00ebsht\u00eb fituese, sepse ky mandat shkruan Balla, \u00ebsht\u00eb i Bashkis\u00eb s\u00eb Elbasanit.<\/p>\n<p><em>\u00a0<\/em>Postimi:<\/p>\n<p><em>\u201cElbasan &#8211; Rajoni 4<\/em><\/p>\n<p><em>Mandati yn\u00eb i ri do t\u00eb jet\u00eb mandati fitues p\u00ebr PARTIN\u00cb SOCIALISTE #12 <\/em><em>, por mbi t\u00eb gjitha do t\u00eb jet\u00eb mandati i bashkis\u00eb s\u00eb Elbasanit\u201d.<\/em><\/p>\n","protected":false},"excerpt":{"rendered":"<p>Numri 2 i Partis\u00eb Socialiste, Taulant Balla, p\u00ebrmes nj\u00eb postimi n\u00eb Facebook, \u00ebsht\u00eb shprehur me entuziaz\u00ebm, sa i p\u00ebrket mandatit t\u00eb ri, ku sipas tij, PS \u00ebsht\u00eb fituese, sepse ky mandat shkruan Balla, \u00ebsht\u00eb i Bashkis\u00eb s\u00eb Elbasanit. \u00a0Postimi: \u201cElbasan &#8211; Rajoni 4 Mandati yn\u00eb i ri do t\u00eb jet\u00eb mandati fitues p\u00ebr PARTIN\u00cb SOCIALISTE [&hellip;]<\/p>\n","protected":false},"author":2016,"featured_media":177801,"comment_status":"closed","ping_status":"closed","sticky":false,"template":"","format":"standard","meta":{"footnotes":""},"categories":[241,1454],"tags":[2426],"class_list":{"0":"post-177790","1":"post","2":"type-post","3":"status-publish","4":"format-standard","5":"has-post-thumbnail","7":"category-aktualitet","8":"category-politike","9":"tag-lajme-zjarr-balla-mandati-yne-i-ri-zjarr-tv"},"_links":{"self":[{"href":"https:\/\/zjarr.tv\/sq\/wp-json\/wp\/v2\/posts\/177790","targetHints":{"allow":["GET"]}}],"collection":[{"href":"https:\/\/zjarr.tv\/sq\/wp-json\/wp\/v2\/posts"}],"about":[{"href":"https:\/\/zjarr.tv\/sq\/wp-json\/wp\/v2\/types\/post"}],"author":[{"embeddable":true,"href":"https:\/\/zjarr.tv\/sq\/wp-json\/wp\/v2\/users\/2016"}],"replies":[{"embeddable":true,"href":"https:\/\/zjarr.tv\/sq\/wp-json\/wp\/v2\/comments?post=177790"}],"version-history":[{"count":0,"href":"https:\/\/zjarr.tv\/sq\/wp-json\/wp\/v2\/posts\/177790\/revisions"}],"wp:featuredmedia":[{"embeddable":true,"href":"https:\/\/zjarr.tv\/sq\/wp-json\/wp\/v2\/media\/177801"}],"wp:attachment":[{"href":"https:\/\/zjarr.tv\/sq\/wp-json\/wp\/v2\/media?parent=177790"}],"wp:term":[{"taxonomy":"category","embeddable":true,"href":"https:\/\/zjarr.tv\/sq\/wp-json\/wp\/v2\/categories?post=177790"},{"taxonomy":"post_tag","embeddable":true,"href":"https:\/\/zjarr.tv\/sq\/wp-json\/wp\/v2\/tags?post=177790"}],"curies":[{"name":"wp","href":"https:\/\/api.w.org\/{rel}","templated":true}]}}