{"id":177792,"date":"2021-04-15T12:06:08","date_gmt":"2021-04-15T10:06:08","guid":{"rendered":"https:\/\/zjarr.tv\/?p=177792"},"modified":"2021-04-15T12:33:11","modified_gmt":"2021-04-15T10:33:11","slug":"edi-rama-kam-kaq-shume-per-te-folur-sa-nuk-di-nga-tia-nis-cdo-njeri-ketu-i-ka-duart-me-kallo","status":"publish","type":"post","link":"https:\/\/zjarr.tv\/sq\/edi-rama-kam-kaq-shume-per-te-folur-sa-nuk-di-nga-tia-nis-cdo-njeri-ketu-i-ka-duart-me-kallo\/","title":{"rendered":"Edi Rama: Kam kaq shum\u00eb p\u00ebr t\u00eb folur sa nuk di nga t\u2019ia nis, \u00e7do njeri k\u00ebtu i ka duart me kallo\u2026"},"content":{"rendered":"<p>Dit\u00ebn e sotme, Kryeministri Edi Rama, ka zhvilluar nj\u00eb takim me qytetar\u00ebt n\u00eb Kam\u00ebz. Ai ka folur me qytetar\u00ebt, p\u00ebr \u00e7far\u00eb \u00ebsht\u00eb b\u00ebr\u00eb deri m\u00eb tani dhe \u00e7far\u00eb do t\u00eb b\u00ebhet m\u00eb tutje. Rama theksoi se nuk ka b\u00ebr\u00eb ndasi nd\u00ebrmjet qytetarve t\u00eb Kamz\u00ebs, pas tragjedis\u00eb s\u00eb t\u00ebrmetit duke i pyetur se me k\u00eb parti jan\u00eb, por u kan\u00eb ndenjur pran\u00eb dhe i kan\u00eb strehuar, duke u paguar qirat\u00eb deri n\u00eb nd\u00ebrtimin e sht\u00ebpive t\u00eb tyre.<\/p>\n<p>\u201d Ka kaq shum\u00eb p\u00ebr t\u00eb folur dhe nuk di nga t\u2019ja nis. Duke ju falenderuar p\u00ebr numrin tuaj t\u00eb madh, dua t\u2019ju tregoj nj\u00eb p\u00ebrjetim personal timin k\u00ebtu n\u00eb Kam\u00ebz pas tragjedis\u00eb s\u00eb t\u00ebrmetit q\u00eb ndodhi. S\u00eb bashku me Rakipin kemi shkuar der\u00eb m\u00eb der\u00eb, kemi takuar familje njer\u00ebzish me shum\u00eb karakter, shqiptar\u00eb t\u00eb fort\u00eb.<\/p>\n<p>Nuk i kemi pyetur n\u00ebse jan\u00eb socialist\u00eb apo demokrat\u00eb, por u kemi q\u00ebndruar pran\u00eb duke i ndihmuar me strehimin e tyre t\u00eb p\u00ebrkohsh\u00ebm deri n\u00eb nd\u00ebrtimin e sht\u00ebpive t\u00eb tyre\u201d- tha Rama. N\u00eb vazhdim t\u00eb fjalimit t\u00eb tij, Rama tha se qytetar\u00ebt q\u00eb i kan\u00eb duart kallo e kuptojn\u00eb v\u00ebshtir\u00ebsin\u00eb e nd\u00ebrtimit t\u00eb sht\u00ebpis\u00eb, duke mos pritur ask\u00ebnd t\u2019a nd\u00ebrtoj\u00eb p\u00ebr ta.<\/p>\n<p>\u201cBesoj se k\u00ebtu n\u00eb Kam\u00ebz, \u00e7do njeri i arsyesh\u00ebm q\u00eb i ka duart me kallo sepse e ka nd\u00ebrtuar tull\u00eb m\u00eb tull\u00eb sht\u00ebpin\u00eb e re, e kupton shum\u00eb mir\u00eb se \u00e7far\u00eb dua t\u00eb them kur them se sht\u00ebpia p\u00ebr nj\u00eb t\u00eb ardhme m\u00eb t\u00eb mir\u00eb nuk nd\u00ebrtohet sa hap e mbyll syt\u00eb, nuk nd\u00ebrtohet duke pritur q\u00eb dikush t\u2019a b\u00ebj\u00eb p\u00ebr ty.<\/p>\n<p>\u00c7do sht\u00ebpi k\u00ebtu \u00ebsht nd\u00ebrtuar me gjakun dhe me sakrificat e jasht\u00ebzakonshme. Nj\u00ebsoj si me t\u00ebrmetin apo cdo goditje q\u00eb merr, familja vazhdon p\u00ebrpara, nuk dor\u00ebzohet, sa e sa her\u00eb baballarve k\u00ebtu n\u00eb Kam\u00ebz u \u00ebsht\u00eb dashur t\u2019a shtyjn\u00eb nd\u00ebrtimin e sht\u00ebpis\u00eb sepse u kan\u00eb dal\u00eb situata t\u00eb v\u00ebshtira t\u00eb paparashikuara\u201d- shtoi Rama.<\/p>\n<p><em>\u00a0<\/em><\/p>\n","protected":false},"excerpt":{"rendered":"<p>Dit\u00ebn e sotme, Kryeministri Edi Rama, ka zhvilluar nj\u00eb takim me qytetar\u00ebt n\u00eb Kam\u00ebz. Ai ka folur me qytetar\u00ebt, p\u00ebr \u00e7far\u00eb \u00ebsht\u00eb b\u00ebr\u00eb deri m\u00eb tani dhe \u00e7far\u00eb do t\u00eb b\u00ebhet m\u00eb tutje. Rama theksoi se nuk ka b\u00ebr\u00eb ndasi nd\u00ebrmjet qytetarve t\u00eb Kamz\u00ebs, pas tragjedis\u00eb s\u00eb t\u00ebrmetit duke i pyetur se me k\u00eb parti [&hellip;]<\/p>\n","protected":false},"author":2016,"featured_media":177794,"comment_status":"closed","ping_status":"closed","sticky":false,"template":"","format":"standard","meta":{"footnotes":""},"categories":[241,1454],"tags":[2425],"class_list":{"0":"post-177792","1":"post","2":"type-post","3":"status-publish","4":"format-standard","5":"has-post-thumbnail","7":"category-aktualitet","8":"category-politike","9":"tag-lajme-zjarr-rama-kam-kaq-shume-per-te-folur-zjarr-tv"},"_links":{"self":[{"href":"https:\/\/zjarr.tv\/sq\/wp-json\/wp\/v2\/posts\/177792","targetHints":{"allow":["GET"]}}],"collection":[{"href":"https:\/\/zjarr.tv\/sq\/wp-json\/wp\/v2\/posts"}],"about":[{"href":"https:\/\/zjarr.tv\/sq\/wp-json\/wp\/v2\/types\/post"}],"author":[{"embeddable":true,"href":"https:\/\/zjarr.tv\/sq\/wp-json\/wp\/v2\/users\/2016"}],"replies":[{"embeddable":true,"href":"https:\/\/zjarr.tv\/sq\/wp-json\/wp\/v2\/comments?post=177792"}],"version-history":[{"count":0,"href":"https:\/\/zjarr.tv\/sq\/wp-json\/wp\/v2\/posts\/177792\/revisions"}],"wp:featuredmedia":[{"embeddable":true,"href":"https:\/\/zjarr.tv\/sq\/wp-json\/wp\/v2\/media\/177794"}],"wp:attachment":[{"href":"https:\/\/zjarr.tv\/sq\/wp-json\/wp\/v2\/media?parent=177792"}],"wp:term":[{"taxonomy":"category","embeddable":true,"href":"https:\/\/zjarr.tv\/sq\/wp-json\/wp\/v2\/categories?post=177792"},{"taxonomy":"post_tag","embeddable":true,"href":"https:\/\/zjarr.tv\/sq\/wp-json\/wp\/v2\/tags?post=177792"}],"curies":[{"name":"wp","href":"https:\/\/api.w.org\/{rel}","templated":true}]}}