{"id":177804,"date":"2021-04-15T12:32:04","date_gmt":"2021-04-15T10:32:04","guid":{"rendered":"https:\/\/zjarr.tv\/?p=177804"},"modified":"2021-04-15T12:32:31","modified_gmt":"2021-04-15T10:32:31","slug":"jozefina-topalli-mandatet-tona-do-te-jene-te-se-djathtes-por-kam-nje-kusht-do-bashkepunoj-me-pd-vetem-nese","status":"publish","type":"post","link":"https:\/\/zjarr.tv\/sq\/jozefina-topalli-mandatet-tona-do-te-jene-te-se-djathtes-por-kam-nje-kusht-do-bashkepunoj-me-pd-vetem-nese\/","title":{"rendered":"Jozefina Topalli: Mandatet tona do t\u00eb jen\u00eb t\u00eb s\u00eb djatht\u00ebs, por kam nj\u00eb kusht, do bashk\u00ebpunoj me PD vet\u00ebm n\u00ebse\u2026"},"content":{"rendered":"<p>Dit\u00ebn e sotme, kryetarja e \u201cL\u00ebvizjes p\u00ebr Ndryshim\u201d Jozefina Topalli ka qen\u00eb n\u00eb Fier, ku ka folur p\u00ebr koalicionet e mundshme, q\u00eb pritet t\u00eb\u00a0 b\u00ebhen pas zgjedhjeve. Topalli tha se ajo nuk do t\u00eb b\u00ebj\u00eb\u00a0 koalicion, mes asnj\u00eb prej partive q\u00eb jan\u00eb tashm\u00eb n\u00eb pushtet, pasi ata jan\u00eb p\u00ebrgjegj\u00ebs p\u00ebr largimin e shiptar\u00ebve nga vendi.<\/p>\n<p>Nd\u00ebrkoh\u00eb q\u00eb p\u00ebr nj\u00eb bashk\u00ebpunim me PD-n\u00eb, Topalli la t\u00eb kuptohet se kushti i saj i vet\u00ebm, \u00ebsht\u00eb q\u00eb Lulzim Basha t\u00eb mos jet\u00eb Kryeminist\u00ebr, e n\u00eb k\u00ebt\u00eb pik\u00eb duket e v\u00ebshtir\u00eb q\u00eb t\u00eb kemi realisht nj\u00eb marr\u00ebveshje.<\/p>\n<p><em>\u201cNuk do t\u00eb b\u00ebjm\u00eb koalicion me asnj\u00eb nga partit\u00eb, mandatet q\u00eb ne do t\u00eb marrim, synojm\u00eb q\u00eb tia kalojm\u00eb t\u00eb djatht\u00ebs, me q\u00ebllimin e vet\u00ebm q\u00eb t\u00eb kemi nj\u00eb kryeminist\u00ebr t\u00eb pakorruptuar dhe t\u00eb pap\u00ebrfolur. Qeveri q\u00eb t\u2019iu sh\u00ebrbej\u00eb 3 milion\u00eb shqiptar\u00ebve dhe jo 3 kryetar\u00ebve t\u00eb partive.<\/em><\/p>\n<p><em>Njeriu duhet t\u00eb ket\u00eb kurajo t\u00eb thot\u00eb t\u00eb v\u00ebrtetat ,besoj te liria por 3 kryetaret nuk e justifikojn\u00eb qeverisjen , pasi i kan\u00eb b\u00ebr\u00eb mjaft d\u00ebme vendit.<\/em><\/p>\n<p><em>Nuk flas me mbllef por me vendime t\u00eb forta, do t\u00eb bashk\u00ebpunojm\u00eb me forca politike por jo me emrat q\u00eb p\u00ebrmenda\u201d,<\/em>\u00a0\u00ebsht\u00eb shprehur Topalli nga Fieri, ku ka prezantuar kandidat\u00ebt e partis\u00eb q\u00eb drejton.<\/p>\n<p>&nbsp;<\/p>\n","protected":false},"excerpt":{"rendered":"<p>Dit\u00ebn e sotme, kryetarja e \u201cL\u00ebvizjes p\u00ebr Ndryshim\u201d Jozefina Topalli ka qen\u00eb n\u00eb Fier, ku ka folur p\u00ebr koalicionet e mundshme, q\u00eb pritet t\u00eb\u00a0 b\u00ebhen pas zgjedhjeve. Topalli tha se ajo nuk do t\u00eb b\u00ebj\u00eb\u00a0 koalicion, mes asnj\u00eb prej partive q\u00eb jan\u00eb tashm\u00eb n\u00eb pushtet, pasi ata jan\u00eb p\u00ebrgjegj\u00ebs p\u00ebr largimin e shiptar\u00ebve nga vendi. [&hellip;]<\/p>\n","protected":false},"author":2016,"featured_media":177806,"comment_status":"closed","ping_status":"closed","sticky":false,"template":"","format":"standard","meta":{"footnotes":""},"categories":[241,1454],"tags":[2427],"class_list":{"0":"post-177804","1":"post","2":"type-post","3":"status-publish","4":"format-standard","5":"has-post-thumbnail","7":"category-aktualitet","8":"category-politike","9":"tag-lajme-zjarr-topalli-mandatet-tona-do-shkojne-djathtas-zjarr-tv"},"_links":{"self":[{"href":"https:\/\/zjarr.tv\/sq\/wp-json\/wp\/v2\/posts\/177804","targetHints":{"allow":["GET"]}}],"collection":[{"href":"https:\/\/zjarr.tv\/sq\/wp-json\/wp\/v2\/posts"}],"about":[{"href":"https:\/\/zjarr.tv\/sq\/wp-json\/wp\/v2\/types\/post"}],"author":[{"embeddable":true,"href":"https:\/\/zjarr.tv\/sq\/wp-json\/wp\/v2\/users\/2016"}],"replies":[{"embeddable":true,"href":"https:\/\/zjarr.tv\/sq\/wp-json\/wp\/v2\/comments?post=177804"}],"version-history":[{"count":0,"href":"https:\/\/zjarr.tv\/sq\/wp-json\/wp\/v2\/posts\/177804\/revisions"}],"wp:featuredmedia":[{"embeddable":true,"href":"https:\/\/zjarr.tv\/sq\/wp-json\/wp\/v2\/media\/177806"}],"wp:attachment":[{"href":"https:\/\/zjarr.tv\/sq\/wp-json\/wp\/v2\/media?parent=177804"}],"wp:term":[{"taxonomy":"category","embeddable":true,"href":"https:\/\/zjarr.tv\/sq\/wp-json\/wp\/v2\/categories?post=177804"},{"taxonomy":"post_tag","embeddable":true,"href":"https:\/\/zjarr.tv\/sq\/wp-json\/wp\/v2\/tags?post=177804"}],"curies":[{"name":"wp","href":"https:\/\/api.w.org\/{rel}","templated":true}]}}