{"id":177808,"date":"2021-04-15T13:01:57","date_gmt":"2021-04-15T11:01:57","guid":{"rendered":"https:\/\/zjarr.tv\/?p=177808"},"modified":"2021-04-15T13:01:57","modified_gmt":"2021-04-15T11:01:57","slug":"situata-ne-vend-meta-zbrazja-e-buxhetit-per-te-paguar-becchetti-n-eshte-shperdorim-kriminal-i-parave","status":"publish","type":"post","link":"https:\/\/zjarr.tv\/sq\/situata-ne-vend-meta-zbrazja-e-buxhetit-per-te-paguar-becchetti-n-eshte-shperdorim-kriminal-i-parave\/","title":{"rendered":"Situata n\u00eb vend, Meta: Zbrazja e buxhetit p\u00ebr t\u00eb paguar Becchetti-n \u00ebsht\u00eb shp\u00ebrdorim kriminal i parave"},"content":{"rendered":"<p>Presidenti Ilir Meta ka b\u00ebr\u00eb t\u00eb ditur se zbrazja e buxhetit t\u00eb shtetit p\u00ebr t\u00eb paguar Bechettin \u00ebsht\u00eb shp\u00ebrdorim kriminal i parave t\u00eb shqiptar\u00ebve. Meta shkruan se Bechetti \u00ebsh\u00eb vet\u00ebm fillimi sepse jan\u00eb dhe 235 milion\u00eb euro me probabilitet t\u00eb lart\u00eb p\u00ebr tu paguar.<\/p>\n<p>Meta shton se 25 prilli \u00ebsht\u00eb referendum popullor p\u00ebr t\u00eb \u00e7uar para drejt\u00ebsis\u00eb shp\u00ebrdoruesit e parave.<\/p>\n<p><strong>POSTIMI:<\/strong><\/p>\n<p><em>Zbrazja e buxhetit p\u00ebr t\u00eb paguar Becchetti-n \u00ebsht\u00eb shp\u00ebrdorim kriminal i parave t\u00eb shqiptar\u00ebve.\u00cbsht\u00eb nj\u00eb grabitje e t\u00eb ardhurave buxhetore m\u00eb t\u00eb ul\u00ebta n\u00eb rajon n\u00eb raport m\u00eb PPB (27%) t\u00eb cilat jan\u00eb 10 pik\u00eb m\u00eb posht\u00eb se mesatarja europiane.Dhe nuk \u00ebsht\u00eb vet\u00ebm Becchetti. Ai \u00ebsht\u00eb vet\u00ebm fillimi, sepse n\u00eb radh\u00eb jan\u00eb edhe plot 235 milion\u00eb euro me probabilitet t\u00eb lart\u00eb p\u00ebr t\u2019u paguar si d\u00ebmshp\u00ebrblim nga pap\u00ebrgjegjshm\u00ebria dhe shp\u00ebrdorimi.Prandaj 25 Prilli \u00ebsht\u00eb referendum popullor p\u00ebr t\u00eb \u00e7uar para drejt\u00ebsis\u00eb, shp\u00ebrdoruesit e parave t\u00eb shqiptar\u00ebve.<\/em><\/p>\n","protected":false},"excerpt":{"rendered":"<p>Presidenti Ilir Meta ka b\u00ebr\u00eb t\u00eb ditur se zbrazja e buxhetit t\u00eb shtetit p\u00ebr t\u00eb paguar Bechettin \u00ebsht\u00eb shp\u00ebrdorim kriminal i parave t\u00eb shqiptar\u00ebve. Meta shkruan se Bechetti \u00ebsh\u00eb vet\u00ebm fillimi sepse jan\u00eb dhe 235 milion\u00eb euro me probabilitet t\u00eb lart\u00eb p\u00ebr tu paguar. Meta shton se 25 prilli \u00ebsht\u00eb referendum popullor p\u00ebr t\u00eb \u00e7uar [&hellip;]<\/p>\n","protected":false},"author":2030,"featured_media":177809,"comment_status":"closed","ping_status":"closed","sticky":false,"template":"","format":"standard","meta":{"footnotes":""},"categories":[241,1454],"tags":[2221,451,2186,329],"class_list":{"0":"post-177808","1":"post","2":"type-post","3":"status-publish","4":"format-standard","5":"has-post-thumbnail","7":"category-aktualitet","8":"category-politike","9":"tag-becchetti","10":"tag-lajme-zjarr","11":"tag-meta","12":"tag-zjarr-tv"},"_links":{"self":[{"href":"https:\/\/zjarr.tv\/sq\/wp-json\/wp\/v2\/posts\/177808","targetHints":{"allow":["GET"]}}],"collection":[{"href":"https:\/\/zjarr.tv\/sq\/wp-json\/wp\/v2\/posts"}],"about":[{"href":"https:\/\/zjarr.tv\/sq\/wp-json\/wp\/v2\/types\/post"}],"author":[{"embeddable":true,"href":"https:\/\/zjarr.tv\/sq\/wp-json\/wp\/v2\/users\/2030"}],"replies":[{"embeddable":true,"href":"https:\/\/zjarr.tv\/sq\/wp-json\/wp\/v2\/comments?post=177808"}],"version-history":[{"count":0,"href":"https:\/\/zjarr.tv\/sq\/wp-json\/wp\/v2\/posts\/177808\/revisions"}],"wp:featuredmedia":[{"embeddable":true,"href":"https:\/\/zjarr.tv\/sq\/wp-json\/wp\/v2\/media\/177809"}],"wp:attachment":[{"href":"https:\/\/zjarr.tv\/sq\/wp-json\/wp\/v2\/media?parent=177808"}],"wp:term":[{"taxonomy":"category","embeddable":true,"href":"https:\/\/zjarr.tv\/sq\/wp-json\/wp\/v2\/categories?post=177808"},{"taxonomy":"post_tag","embeddable":true,"href":"https:\/\/zjarr.tv\/sq\/wp-json\/wp\/v2\/tags?post=177808"}],"curies":[{"name":"wp","href":"https:\/\/api.w.org\/{rel}","templated":true}]}}