{"id":177816,"date":"2021-04-15T13:46:42","date_gmt":"2021-04-15T11:46:42","guid":{"rendered":"https:\/\/zjarr.tv\/?p=177816"},"modified":"2021-04-15T13:46:42","modified_gmt":"2021-04-15T11:46:42","slug":"pa-dyer-dritare-dhe-energji-elektrike-vangjel-tavo-publikon-fotot-nga-qendra-e-votimit-ne-krahes","status":"publish","type":"post","link":"https:\/\/zjarr.tv\/sq\/pa-dyer-dritare-dhe-energji-elektrike-vangjel-tavo-publikon-fotot-nga-qendra-e-votimit-ne-krahes\/","title":{"rendered":"\u201cPa dyer, dritare dhe energji elektrike\u201d, Vangjel Tavo publikon fotot nga qendra e votimit n\u00eb Krah\u00ebs"},"content":{"rendered":"<p>Kryesuesi i list\u00ebs s\u00eb LSI n\u00eb Gjirokast\u00ebr, Vangjel Tavo ka b\u00ebr\u00eb nj\u00eb denoncim dit\u00ebn e sotme.<\/p>\n<p>Ai ka postuar disa foto nga qendra e votimit 33 94 n\u00eb Krah\u00ebs 2, ku godina shihet n\u00eb gjendje t\u00eb mjerueshme.<\/p>\n<p>Tava n\u00eb postimin e tij shkruan se qendra e votimit \u00ebsht\u00eb pa dyer, dritare, energji, pa afishim listash zgjedh\u00ebsish etj.<\/p>\n<p>Edhe n\u00eb fotot e m\u00ebposhtme shihet gjedja e mjerushem e godin\u00ebs dhe ngihet pyetja \u201cse a mund t\u00eb jet\u00eb kjo nj\u00eb qend\u00ebr votimi\u201d.<\/p>\n<p>Ai i b\u00ebn thirrje Bashkis\u00eb s\u00eb Memaliajt q\u00eb t\u00eb marr\u00eb masa urgjente dhe t\u00eb plot\u00ebsoj\u00eb kushtet, pasi e ka detyrim ligjor.<\/p>\n<p><em>\u2018SKANDAL\/ Kjo \u00ebsht\u00eb QV 33 94 n\u00eb Krah\u00ebs 2 e cila nuk plot\u00ebson asnj\u00eb kriter: pa dyer, dritare, energji, pa afishim listash zgjedh\u00ebsish etj. <\/em><\/p>\n<p><em>Bashkia Memaliaj t\u00eb marr\u00eb masa urgjente t\u00eb plot\u00ebsoj\u00eb kushtet, pasi e ka detyrim ligjor.<\/em><\/p>\n<p><em>Ky skandal \u00ebsht\u00eb raportuar n\u00eb OSBE\/ODIHR.\u2019 &#8211;<\/em> shkruan Tavo n\u00eb postimin e tij n\u00eb rrjetet sociale.<\/p>\n<p><img loading=\"lazy\" decoding=\"async\" class=\"alignnone size-medium wp-image-177818\" src=\"https:\/\/zjarr.tv\/wp-content\/uploads\/2021\/04\/Untitled-design-2021-04-15T134520.462-300x251.jpg\" alt=\"\" width=\"300\" height=\"251\" srcset=\"https:\/\/zjarr.tv\/wp-content\/uploads\/2021\/04\/Untitled-design-2021-04-15T134520.462-300x251.jpg 300w, https:\/\/zjarr.tv\/wp-content\/uploads\/2021\/04\/Untitled-design-2021-04-15T134520.462-768x644.jpg 768w, https:\/\/zjarr.tv\/wp-content\/uploads\/2021\/04\/Untitled-design-2021-04-15T134520.462-696x583.jpg 696w, https:\/\/zjarr.tv\/wp-content\/uploads\/2021\/04\/Untitled-design-2021-04-15T134520.462-501x420.jpg 501w, https:\/\/zjarr.tv\/wp-content\/uploads\/2021\/04\/Untitled-design-2021-04-15T134520.462.jpg 940w\" sizes=\"auto, (max-width: 300px) 100vw, 300px\" \/><img loading=\"lazy\" decoding=\"async\" class=\"alignnone size-medium wp-image-177819\" src=\"https:\/\/zjarr.tv\/wp-content\/uploads\/2021\/04\/Untitled-design-2021-04-15T134630.121-300x251.jpg\" alt=\"\" width=\"300\" height=\"251\" srcset=\"https:\/\/zjarr.tv\/wp-content\/uploads\/2021\/04\/Untitled-design-2021-04-15T134630.121-300x251.jpg 300w, https:\/\/zjarr.tv\/wp-content\/uploads\/2021\/04\/Untitled-design-2021-04-15T134630.121-768x644.jpg 768w, https:\/\/zjarr.tv\/wp-content\/uploads\/2021\/04\/Untitled-design-2021-04-15T134630.121-696x583.jpg 696w, https:\/\/zjarr.tv\/wp-content\/uploads\/2021\/04\/Untitled-design-2021-04-15T134630.121-501x420.jpg 501w, https:\/\/zjarr.tv\/wp-content\/uploads\/2021\/04\/Untitled-design-2021-04-15T134630.121.jpg 940w\" sizes=\"auto, (max-width: 300px) 100vw, 300px\" \/><\/p>\n","protected":false},"excerpt":{"rendered":"<p>Kryesuesi i list\u00ebs s\u00eb LSI n\u00eb Gjirokast\u00ebr, Vangjel Tavo ka b\u00ebr\u00eb nj\u00eb denoncim dit\u00ebn e sotme. Ai ka postuar disa foto nga qendra e votimit 33 94 n\u00eb Krah\u00ebs 2, ku godina shihet n\u00eb gjendje t\u00eb mjerueshme. Tava n\u00eb postimin e tij shkruan se qendra e votimit \u00ebsht\u00eb pa dyer, dritare, energji, pa afishim listash [&hellip;]<\/p>\n","protected":false},"author":2030,"featured_media":177817,"comment_status":"closed","ping_status":"closed","sticky":false,"template":"","format":"standard","meta":{"footnotes":""},"categories":[241,1454],"tags":[],"class_list":{"0":"post-177816","1":"post","2":"type-post","3":"status-publish","4":"format-standard","5":"has-post-thumbnail","7":"category-aktualitet","8":"category-politike"},"_links":{"self":[{"href":"https:\/\/zjarr.tv\/sq\/wp-json\/wp\/v2\/posts\/177816","targetHints":{"allow":["GET"]}}],"collection":[{"href":"https:\/\/zjarr.tv\/sq\/wp-json\/wp\/v2\/posts"}],"about":[{"href":"https:\/\/zjarr.tv\/sq\/wp-json\/wp\/v2\/types\/post"}],"author":[{"embeddable":true,"href":"https:\/\/zjarr.tv\/sq\/wp-json\/wp\/v2\/users\/2030"}],"replies":[{"embeddable":true,"href":"https:\/\/zjarr.tv\/sq\/wp-json\/wp\/v2\/comments?post=177816"}],"version-history":[{"count":0,"href":"https:\/\/zjarr.tv\/sq\/wp-json\/wp\/v2\/posts\/177816\/revisions"}],"wp:featuredmedia":[{"embeddable":true,"href":"https:\/\/zjarr.tv\/sq\/wp-json\/wp\/v2\/media\/177817"}],"wp:attachment":[{"href":"https:\/\/zjarr.tv\/sq\/wp-json\/wp\/v2\/media?parent=177816"}],"wp:term":[{"taxonomy":"category","embeddable":true,"href":"https:\/\/zjarr.tv\/sq\/wp-json\/wp\/v2\/categories?post=177816"},{"taxonomy":"post_tag","embeddable":true,"href":"https:\/\/zjarr.tv\/sq\/wp-json\/wp\/v2\/tags?post=177816"}],"curies":[{"name":"wp","href":"https:\/\/api.w.org\/{rel}","templated":true}]}}