{"id":178039,"date":"2021-04-16T15:57:45","date_gmt":"2021-04-16T13:57:45","guid":{"rendered":"https:\/\/zjarr.tv\/?p=178039"},"modified":"2021-04-16T15:57:45","modified_gmt":"2021-04-16T13:57:45","slug":"nasip-naco-flet-nga-skrapari-i-vetmi-premtim-eshte-qe-do-te-jem-ne-krah-te-zotit-rama-per-reformen-ne-drejtesi","status":"publish","type":"post","link":"https:\/\/zjarr.tv\/sq\/nasip-naco-flet-nga-skrapari-i-vetmi-premtim-eshte-qe-do-te-jem-ne-krah-te-zotit-rama-per-reformen-ne-drejtesi\/","title":{"rendered":"Nasip Na\u00e7o flet nga Skrapari: &#8220;I vetmi premtim \u00ebsht\u00eb q\u00eb do t\u00eb jem n\u00eb krah t\u00eb zotit Rama p\u00ebr reform\u00ebn n\u00eb drejt\u00ebsi&#8221;"},"content":{"rendered":"<p>Ish-ministri i Drejt\u00ebsis\u00eb, aktualisht kandidat i PS-s\u00eb Nasip Na\u00e7o ka zhvilluar sot nj\u00eb takim elektoral krah kryeministrit Edi Rama n\u00eb Skrapar.<\/p>\n<p>Na\u00e7o tha se u largua nga L\u00ebvizja Socialiste p\u00ebr Integrim p\u00ebr shkak t\u00eb problemeve q\u00eb kishte me lidershipin, pasi si\u00e7 tha ai, LSI b\u00ebn eksperimente politike t\u00eb d\u00ebshtuara, si sot q\u00eb duan t\u00eb b\u00ebjn\u00eb Lulzim Bash\u00ebn kryeminist\u00ebr.<\/p>\n<p>Pjes\u00eb nga deklarata e Nasip Na\u00e7os:<\/p>\n<p>Nga Skrapari do t\u00eb filloj\u00eb fitorja e PS. Edi Ram\u00ebn e duan n\u00eb Skrapar. Jam me fat dhe e falenderoj Ram\u00ebn q\u00eb m\u00eb ka hapur der\u00ebn. Dikush mund t\u00eb pyes\u00eb, deri dje ishe deputet i LSI, edhe un\u00eb s\u2019kam p\u00ebr ta goditur me gur\u00eb LSI. Un\u00eb kam patur probleme me lidershipin e LSI, vet\u00eb na thoshin Lul Basha t\u00eb g\u00ebnjen edhe p\u00ebr or\u00ebn, por sot duan ta b\u00ebjn\u00eb kryeminist\u00ebr. Nj\u00eb parti q\u00eb vitet e fundit b\u00ebnte vet\u00ebm eksperimente politike, t\u00eb d\u00ebshtuara. Dy fjal\u00eb dua t\u2019ua them, pse iku? Nuk pranuan t\u00eb vazhdonin koalicionin me PS n\u00eb 2017. Pra nj\u00eb parti me 20 deputet\u00eb q\u00eb nuk ishte partnere por vasale e PD-s\u00eb, p\u00ebr ta b\u00ebr\u00eb kryeminist\u00ebr. Nuk mund t\u00eb vazhdoja m\u00eb me eksperimente t\u00eb d\u00ebshtuara. Falenderoj zotin Rama p\u00ebr reform\u00ebn n\u00eb drejt\u00ebsi. Nuk b\u00ebj ndonj\u00eb premtim t\u00eb madh, i vetmi premtim \u00ebsht\u00eb q\u00eb do t\u00eb jem n\u00eb krah t\u00eb zotit Rama p\u00ebr reform\u00ebn n\u00eb drejt\u00ebsi. Kam nj\u00eb borxh p\u00ebr Partin\u00eb Socialiste q\u00eb i hoqa vota nga 2009 n\u00eb 2017, sot dua t\u2019ua kthej k\u00ebt\u00eb borxh.<\/p>\n","protected":false},"excerpt":{"rendered":"<p>Ish-ministri i Drejt\u00ebsis\u00eb, aktualisht kandidat i PS-s\u00eb Nasip Na\u00e7o ka zhvilluar sot nj\u00eb takim elektoral krah kryeministrit Edi Rama n\u00eb Skrapar. Na\u00e7o tha se u largua nga L\u00ebvizja Socialiste p\u00ebr Integrim p\u00ebr shkak t\u00eb problemeve q\u00eb kishte me lidershipin, pasi si\u00e7 tha ai, LSI b\u00ebn eksperimente politike t\u00eb d\u00ebshtuara, si sot q\u00eb duan t\u00eb b\u00ebjn\u00eb [&hellip;]<\/p>\n","protected":false},"author":2031,"featured_media":178040,"comment_status":"closed","ping_status":"closed","sticky":false,"template":"","format":"standard","meta":{"footnotes":""},"categories":[231],"tags":[312,2452,329],"class_list":{"0":"post-178039","1":"post","2":"type-post","3":"status-publish","4":"format-standard","5":"has-post-thumbnail","7":"category-lajme","8":"tag-lajme","9":"tag-nasip-naco","10":"tag-zjarr-tv"},"_links":{"self":[{"href":"https:\/\/zjarr.tv\/sq\/wp-json\/wp\/v2\/posts\/178039","targetHints":{"allow":["GET"]}}],"collection":[{"href":"https:\/\/zjarr.tv\/sq\/wp-json\/wp\/v2\/posts"}],"about":[{"href":"https:\/\/zjarr.tv\/sq\/wp-json\/wp\/v2\/types\/post"}],"author":[{"embeddable":true,"href":"https:\/\/zjarr.tv\/sq\/wp-json\/wp\/v2\/users\/2031"}],"replies":[{"embeddable":true,"href":"https:\/\/zjarr.tv\/sq\/wp-json\/wp\/v2\/comments?post=178039"}],"version-history":[{"count":0,"href":"https:\/\/zjarr.tv\/sq\/wp-json\/wp\/v2\/posts\/178039\/revisions"}],"wp:featuredmedia":[{"embeddable":true,"href":"https:\/\/zjarr.tv\/sq\/wp-json\/wp\/v2\/media\/178040"}],"wp:attachment":[{"href":"https:\/\/zjarr.tv\/sq\/wp-json\/wp\/v2\/media?parent=178039"}],"wp:term":[{"taxonomy":"category","embeddable":true,"href":"https:\/\/zjarr.tv\/sq\/wp-json\/wp\/v2\/categories?post=178039"},{"taxonomy":"post_tag","embeddable":true,"href":"https:\/\/zjarr.tv\/sq\/wp-json\/wp\/v2\/tags?post=178039"}],"curies":[{"name":"wp","href":"https:\/\/api.w.org\/{rel}","templated":true}]}}