{"id":178049,"date":"2021-04-16T16:06:22","date_gmt":"2021-04-16T14:06:22","guid":{"rendered":"https:\/\/zjarr.tv\/?p=178049"},"modified":"2021-04-16T16:57:47","modified_gmt":"2021-04-16T14:57:47","slug":"spartak-braho-ngaterrohet-ne-skrapar-na-eshte-cmendur-kryeministri-korrigjohet-shpejt","status":"publish","type":"post","link":"https:\/\/zjarr.tv\/sq\/spartak-braho-ngaterrohet-ne-skrapar-na-eshte-cmendur-kryeministri-korrigjohet-shpejt\/","title":{"rendered":"Spartak Braho ngat\u00ebrrohet n\u00eb Skrapar: Na \u00ebsht\u00eb \u00e7mendur kryeministri! (Korrigjohet shpejt)"},"content":{"rendered":"<p>Deputeti i Partis\u00eb Socialiste Spartak Braho \u00ebsht\u00eb ngat\u00ebrruar me fjal\u00ebt mesdit\u00ebn e sotme dhe ka th\u00ebn\u00eb se \u00ebsht\u00eb \u2018\u00e7mendur kryeministri\u2019.<\/p>\n<p>I pranish\u00ebm n\u00eb Skrapar, Braho, n\u00eb vend q\u00eb t\u00eb thoshte se \u00ebsht\u00eb \u00e7mendur ish-kryeministri Ilir Meta, tha kryeministri, rrjedhimisht duke n\u00ebnkuptuar Edi Ram\u00ebn.<\/p>\n<p><em>\u201cM\u00eb vjen keq ta them, por na \u00ebsht\u00eb \u00e7mendur kryeministri, ish-kryeministri jon\u00eb i dikursh\u00ebm, Presidenti i sotsh\u00ebm,\u201d<\/em>\u2013 tha Braho nd\u00ebr t\u00eb tjera, duke u korrigjuar shpejt.<\/p>\n<p>&nbsp;<\/p>\n","protected":false},"excerpt":{"rendered":"<p>Deputeti i Partis\u00eb Socialiste Spartak Braho \u00ebsht\u00eb ngat\u00ebrruar me fjal\u00ebt mesdit\u00ebn e sotme dhe ka th\u00ebn\u00eb se \u00ebsht\u00eb \u2018\u00e7mendur kryeministri\u2019. I pranish\u00ebm n\u00eb Skrapar, Braho, n\u00eb vend q\u00eb t\u00eb thoshte se \u00ebsht\u00eb \u00e7mendur ish-kryeministri Ilir Meta, tha kryeministri, rrjedhimisht duke n\u00ebnkuptuar Edi Ram\u00ebn. \u201cM\u00eb vjen keq ta them, por na \u00ebsht\u00eb \u00e7mendur kryeministri, ish-kryeministri jon\u00eb [&hellip;]<\/p>\n","protected":false},"author":2030,"featured_media":178050,"comment_status":"closed","ping_status":"closed","sticky":false,"template":"","format":"standard","meta":{"footnotes":""},"categories":[241,1454],"tags":[],"class_list":{"0":"post-178049","1":"post","2":"type-post","3":"status-publish","4":"format-standard","5":"has-post-thumbnail","7":"category-aktualitet","8":"category-politike"},"_links":{"self":[{"href":"https:\/\/zjarr.tv\/sq\/wp-json\/wp\/v2\/posts\/178049","targetHints":{"allow":["GET"]}}],"collection":[{"href":"https:\/\/zjarr.tv\/sq\/wp-json\/wp\/v2\/posts"}],"about":[{"href":"https:\/\/zjarr.tv\/sq\/wp-json\/wp\/v2\/types\/post"}],"author":[{"embeddable":true,"href":"https:\/\/zjarr.tv\/sq\/wp-json\/wp\/v2\/users\/2030"}],"replies":[{"embeddable":true,"href":"https:\/\/zjarr.tv\/sq\/wp-json\/wp\/v2\/comments?post=178049"}],"version-history":[{"count":0,"href":"https:\/\/zjarr.tv\/sq\/wp-json\/wp\/v2\/posts\/178049\/revisions"}],"wp:featuredmedia":[{"embeddable":true,"href":"https:\/\/zjarr.tv\/sq\/wp-json\/wp\/v2\/media\/178050"}],"wp:attachment":[{"href":"https:\/\/zjarr.tv\/sq\/wp-json\/wp\/v2\/media?parent=178049"}],"wp:term":[{"taxonomy":"category","embeddable":true,"href":"https:\/\/zjarr.tv\/sq\/wp-json\/wp\/v2\/categories?post=178049"},{"taxonomy":"post_tag","embeddable":true,"href":"https:\/\/zjarr.tv\/sq\/wp-json\/wp\/v2\/tags?post=178049"}],"curies":[{"name":"wp","href":"https:\/\/api.w.org\/{rel}","templated":true}]}}