{"id":178053,"date":"2021-04-16T16:25:29","date_gmt":"2021-04-16T14:25:29","guid":{"rendered":"https:\/\/zjarr.tv\/?p=178053"},"modified":"2021-04-16T16:25:29","modified_gmt":"2021-04-16T14:25:29","slug":"rama-telefonon-lindita-nikollen-ajo-i-kujton-ftesen-qe-i-beri-bashes-burrat-kujtojne-se-po-tallesh-vetem-grate-te-kuptojne-qe-e-ke-seriozisht","status":"publish","type":"post","link":"https:\/\/zjarr.tv\/sq\/rama-telefonon-lindita-nikollen-ajo-i-kujton-ftesen-qe-i-beri-bashes-burrat-kujtojne-se-po-tallesh-vetem-grate-te-kuptojne-qe-e-ke-seriozisht\/","title":{"rendered":"Rama telefonon Lindita Nikoll\u00ebn, ajo i kujton ftes\u00ebn q\u00eb i b\u00ebri Bash\u00ebs: Burrat kujtojn\u00eb se po tallesh, vet\u00ebm grat\u00eb t\u00eb kuptojn\u00eb q\u00eb e ke seriozisht"},"content":{"rendered":"<p>Kryeministri Edi Rama ishte sot n\u00eb Skrapar nga ku foli gjer\u00ebsisht p\u00ebr Ilir Met\u00ebn dhe zgjedhjet e ardhshme t\u00eb 25 prillit. N\u00eb kthim teksa ndodhej n\u00eb makin\u00eb kreu i PS telefonoi drejtuesen politike t\u00eb Lezh\u00ebs, Lindita Nikolla.<\/p>\n<p>Ajo i kujtoi edhe ftes\u00ebn q\u00eb Rama i b\u00ebri pak dit\u00eb m\u00eb par\u00eb Bash\u00ebs, teksa i garantoi bashk\u00ebpunim pas 25 prillit, sigurisht ai n\u00eb qeveri dhe Basha n\u00eb opozit\u00eb.<\/p>\n<p>Nikolla i tha Ram\u00ebs se burrat n\u00eb Mirdit\u00eb kujtojn\u00eb se ai po tallet dhe do t\u00eb g\u00ebnjej\u00eb Bash\u00ebn, nd\u00ebrsa grat\u00eb e kuptojn\u00eb se Rama e ka seriozisht, p\u00ebr t\u00eb l\u00ebn\u00eb pas ndasit\u00eb politike me q\u00ebllim b\u00ebrjen e Shqip\u00ebris\u00eb nj\u00eb vend m\u00eb t\u00eb mir\u00eb.<\/p>\n<p>Rama: Alo Lindita si je?<\/p>\n<p>Nikolla: Si jeni kryeminist\u00ebr?<\/p>\n<p>Rama: Nuk ka shum\u00eb val\u00eb rrug\u00ebs dhe po u shk\u00ebput linja e di vet\u00eb ti. Si duken pun\u00ebt atje?<\/p>\n<p>Nikolla: Jam n\u00eb nj\u00eb takim n\u00eb nj\u00eb fshat t\u00eb Mirdit\u00ebs njer\u00ebzit din\u00eb ta dallojn\u00eb Edi Ram\u00ebn, njeriun e pun\u00ebs q\u00eb flet p\u00ebr pun\u00eb dhe besnik\u00ebrin\u00eb dhe p\u00ebr Bash\u00ebs q\u00eb shet qiqra n\u00eb hell \u00e7do dit\u00eb e m\u00eb shum\u00eb kam par\u00eb nj\u00eb fakt tjet\u00ebr grat\u00eb jan\u00eb shum\u00eb t\u00eb motivuara, por e kan\u00eb mir\u00ebkuptuar dhe thirrjen tuaj ndaj Bash\u00ebs. Burrat kujtojn\u00eb se \u00ebsht\u00eb loj\u00eb e Ram\u00ebs p\u00ebr t\u00eb b\u00ebr\u00eb loj\u00ebn e radh\u00ebs. Dje isha n\u00eb nj\u00eb takim; burri tha \u00e7\u2019a \u00ebsht\u00eb t\u2019u i premtu Bash\u00ebs nj\u00eb karrige don me e rrejt gruja i tha mos o burr ai don me bo Shqip\u00ebrin\u00eb me e kthy faqen ndryshe t\u00eb politik\u00ebs me e bo Shqip\u00ebrin\u00eb t\u00eb jetueshme.<\/p>\n<p>Rama: Normal m\u00eb normal se burrave ju shkon mendja te pazari dhe ndarja e karrigeve, por grat\u00eb jan\u00eb ato q\u00eb e vuajn\u00eb m\u00eb shum\u00eb konfliktin se e vuajn\u00eb m\u00eb shum\u00eb n\u00eb sht\u00ebpi. Shih \u00e7\u2019a ndodh me kalamanjt\u00eb 7-8 vje\u00e7 b\u00ebhen sikur\u2026nd\u00ebrkoh\u00eb s\u2019ka lidhje me komeentet\u2026<\/p>\n<p>Nikolla: Ndasia \u00ebsht\u00eb e turpshme lavdi zotit grat\u00eb jan\u00eb n\u00eb lart\u00ebsin\u00eb e duhur p\u00ebr t\u2019i kuptuar gj\u00ebrat.<\/p>\n<p>Rama: Sepse punojn\u00eb dhe mbajn\u00eb sht\u00ebpin\u00eb \u00e7do dit\u00eb. E pe lajmin e botoksit tim t\u00eb p\u00eblqeu?<\/p>\n<p>Nikolla: \u00c7do gj\u00eb ndodh po d\u00ebgjojm\u00eb \u00e7do gj\u00eb dhe me 6 gishta n\u00eb dor\u00eb do na thon\u00eb.<\/p>\n<p>Rama: Mua m\u00eb shk\u00eblqen fytyra dhe k\u00ebta thon\u00eb ka b\u00ebr\u00eb botoks. Nga ana tjet\u00ebr \u00e7mendet dhe Meta dhe ka hall mos i ik\u00ebn Luli nga zinxhiri se e kan\u00eb lidh bashk\u00eb me Saliun me litar dhe kan\u00eb frik\u00eb mos iu ik\u00ebn. PS do fitoj\u00eb dhe s\u2019do jet\u00eb nevojtare p\u00ebr ask\u00ebnd n\u00eb sensin e votave.<\/p>\n<p>Nikolla: Ne po vazhdojm\u00eb kontaktet der\u00eb m\u00eb der\u00eb p\u00ebr t\u00eb folur p\u00ebr pun\u00ebn\u00a0 dhe p\u00ebr t\u00eb ecur p\u00ebrara.<\/p>\n<p>Rama: Do ndryshojm\u00eb edhe ne qasjen dhe retorik\u00ebn sepse kemi r\u00ebn\u00eb pre disa her\u00eb e retorik\u00ebs s\u00eb tyre. Kurbini si duket?<\/p>\n<p>Nikolla: Njer\u00ebzit shohin \u00e7do dit\u00eb q\u00eb ka ndryshim La\u00e7i po b\u00ebhet nj\u00eb La\u00e7 i ri dhe Milot Mamurras njer\u00ebzit po buz\u00ebqeshin nga vaksinat dhe rind\u00ebrtimi. Aty kemi dhe sjelljen e personazheve t\u00eb LSI q\u00eb \u00e7do dit\u00eb prodhojn\u00eb ngjarje si\u00e7 e kan\u00eb zakon.<\/p>\n<p>Rama: Duhet besuar fort te populli dhe njer\u00ebzit. Ke ndonj\u00eb merak zysha p\u00ebr Skraparin?<\/p>\n<p>Nikolla: Jo jo asnj\u00eb merak vet\u00ebm nj\u00eb dolli ngrijeni me raki Skrapari p\u00ebr fitoren e PS.<\/p>\n","protected":false},"excerpt":{"rendered":"<p>Kryeministri Edi Rama ishte sot n\u00eb Skrapar nga ku foli gjer\u00ebsisht p\u00ebr Ilir Met\u00ebn dhe zgjedhjet e ardhshme t\u00eb 25 prillit. N\u00eb kthim teksa ndodhej n\u00eb makin\u00eb kreu i PS telefonoi drejtuesen politike t\u00eb Lezh\u00ebs, Lindita Nikolla. Ajo i kujtoi edhe ftes\u00ebn q\u00eb Rama i b\u00ebri pak dit\u00eb m\u00eb par\u00eb Bash\u00ebs, teksa i garantoi bashk\u00ebpunim [&hellip;]<\/p>\n","protected":false},"author":2031,"featured_media":178054,"comment_status":"closed","ping_status":"closed","sticky":false,"template":"","format":"standard","meta":{"footnotes":""},"categories":[231],"tags":[],"class_list":{"0":"post-178053","1":"post","2":"type-post","3":"status-publish","4":"format-standard","5":"has-post-thumbnail","7":"category-lajme"},"_links":{"self":[{"href":"https:\/\/zjarr.tv\/sq\/wp-json\/wp\/v2\/posts\/178053","targetHints":{"allow":["GET"]}}],"collection":[{"href":"https:\/\/zjarr.tv\/sq\/wp-json\/wp\/v2\/posts"}],"about":[{"href":"https:\/\/zjarr.tv\/sq\/wp-json\/wp\/v2\/types\/post"}],"author":[{"embeddable":true,"href":"https:\/\/zjarr.tv\/sq\/wp-json\/wp\/v2\/users\/2031"}],"replies":[{"embeddable":true,"href":"https:\/\/zjarr.tv\/sq\/wp-json\/wp\/v2\/comments?post=178053"}],"version-history":[{"count":0,"href":"https:\/\/zjarr.tv\/sq\/wp-json\/wp\/v2\/posts\/178053\/revisions"}],"wp:featuredmedia":[{"embeddable":true,"href":"https:\/\/zjarr.tv\/sq\/wp-json\/wp\/v2\/media\/178054"}],"wp:attachment":[{"href":"https:\/\/zjarr.tv\/sq\/wp-json\/wp\/v2\/media?parent=178053"}],"wp:term":[{"taxonomy":"category","embeddable":true,"href":"https:\/\/zjarr.tv\/sq\/wp-json\/wp\/v2\/categories?post=178053"},{"taxonomy":"post_tag","embeddable":true,"href":"https:\/\/zjarr.tv\/sq\/wp-json\/wp\/v2\/tags?post=178053"}],"curies":[{"name":"wp","href":"https:\/\/api.w.org\/{rel}","templated":true}]}}