{"id":178070,"date":"2021-04-16T17:58:03","date_gmt":"2021-04-16T15:58:03","guid":{"rendered":"https:\/\/zjarr.tv\/?p=178070"},"modified":"2021-04-16T17:58:03","modified_gmt":"2021-04-16T15:58:03","slug":"luljeta-bozo-ne-motra-dhe-shoqe-jemi-gjysma-e-shoqerise-ju-ftoj-te-gjithave-te-votojme-per-ps","status":"publish","type":"post","link":"https:\/\/zjarr.tv\/sq\/luljeta-bozo-ne-motra-dhe-shoqe-jemi-gjysma-e-shoqerise-ju-ftoj-te-gjithave-te-votojme-per-ps\/","title":{"rendered":"Luljeta Bozo: Ne motra dhe shoqe jemi gjysma e shoq\u00ebris\u00eb, ju ftoj t\u00eb gjithave t\u00eb votojm\u00eb p\u00ebr PS"},"content":{"rendered":"<p>Kandidatja e Partis\u00eb Socialiste p\u00ebr Tiran\u00eb Luljeta Bozo ka vler\u00ebsuar angazhimin e k\u00ebsaj force politike, sipas saj p\u00ebr at\u00eb q\u00eb \u00ebsht\u00eb b\u00ebr\u00eb p\u00ebr grat\u00eb dhe vajzat.<\/p>\n<p>N\u00eb takimin elektoral t\u00eb kryeministrit Edi Rama n\u00eb Tiran\u00eb, Bozo tha se PS b\u00ebri t\u00eb mundur p\u00ebrfaqsim m\u00eb t\u00eb lart\u00eb t\u00eb grave n\u00eb Kuvend si dhe qeveri. Ajo k\u00ebrkoi gjithashtu q\u00eb votohet PS.<\/p>\n<p>\u201cN\u00eb motra dhe shoqe jemi gjysma e shoq\u00ebris\u00eb. PS \u00ebsht\u00eb e vetmja forc\u00eb q\u00eb beson n\u00eb forc\u00ebn ton\u00eb jo me fjal\u00eb por me vepra. B\u00ebri t\u00eb mundur q\u00eb n\u00eb parlamentin ton\u00eb t\u00eb ket\u00eb nj\u00eb kuot\u00eb p\u00ebrfaq\u00ebsimi nga gra dhe vajza. N\u00eb qeverisje ka kaq shum\u00eb gra ministre. Ka nd\u00ebrmarr\u00eb gjith\u00eb ato politika leht\u00ebsuese p\u00ebr gra dhe vajza q\u00eb duan t\u00eb futen n\u00eb tregun e pun\u00ebs. \u00cbsht\u00eb kjo forc\u00eb q\u00eb beson fort n\u00eb misionin\u00a0 ve\u00e7ant\u00eb q\u00eb ka gruaja. Ka kontribuar q\u00eb t\u00eb shtohet numri i lindjeve q\u00eb t\u00eb mos plaket kombi. Ju ftoj q\u00eb t\u00eb dalim t\u00eb gjitha n\u00eb votime dhe t\u00eb votojn\u00eb p\u00ebr PS,\u201d tha Bozo.<\/p>\n","protected":false},"excerpt":{"rendered":"<p>Kandidatja e Partis\u00eb Socialiste p\u00ebr Tiran\u00eb Luljeta Bozo ka vler\u00ebsuar angazhimin e k\u00ebsaj force politike, sipas saj p\u00ebr at\u00eb q\u00eb \u00ebsht\u00eb b\u00ebr\u00eb p\u00ebr grat\u00eb dhe vajzat. N\u00eb takimin elektoral t\u00eb kryeministrit Edi Rama n\u00eb Tiran\u00eb, Bozo tha se PS b\u00ebri t\u00eb mundur p\u00ebrfaqsim m\u00eb t\u00eb lart\u00eb t\u00eb grave n\u00eb Kuvend si dhe qeveri. Ajo k\u00ebrkoi [&hellip;]<\/p>\n","protected":false},"author":2031,"featured_media":178071,"comment_status":"closed","ping_status":"closed","sticky":false,"template":"","format":"standard","meta":{"footnotes":""},"categories":[231],"tags":[312,2455,329],"class_list":{"0":"post-178070","1":"post","2":"type-post","3":"status-publish","4":"format-standard","5":"has-post-thumbnail","7":"category-lajme","8":"tag-lajme","9":"tag-luljeta-bozo","10":"tag-zjarr-tv"},"_links":{"self":[{"href":"https:\/\/zjarr.tv\/sq\/wp-json\/wp\/v2\/posts\/178070","targetHints":{"allow":["GET"]}}],"collection":[{"href":"https:\/\/zjarr.tv\/sq\/wp-json\/wp\/v2\/posts"}],"about":[{"href":"https:\/\/zjarr.tv\/sq\/wp-json\/wp\/v2\/types\/post"}],"author":[{"embeddable":true,"href":"https:\/\/zjarr.tv\/sq\/wp-json\/wp\/v2\/users\/2031"}],"replies":[{"embeddable":true,"href":"https:\/\/zjarr.tv\/sq\/wp-json\/wp\/v2\/comments?post=178070"}],"version-history":[{"count":0,"href":"https:\/\/zjarr.tv\/sq\/wp-json\/wp\/v2\/posts\/178070\/revisions"}],"wp:featuredmedia":[{"embeddable":true,"href":"https:\/\/zjarr.tv\/sq\/wp-json\/wp\/v2\/media\/178071"}],"wp:attachment":[{"href":"https:\/\/zjarr.tv\/sq\/wp-json\/wp\/v2\/media?parent=178070"}],"wp:term":[{"taxonomy":"category","embeddable":true,"href":"https:\/\/zjarr.tv\/sq\/wp-json\/wp\/v2\/categories?post=178070"},{"taxonomy":"post_tag","embeddable":true,"href":"https:\/\/zjarr.tv\/sq\/wp-json\/wp\/v2\/tags?post=178070"}],"curies":[{"name":"wp","href":"https:\/\/api.w.org\/{rel}","templated":true}]}}