{"id":178083,"date":"2021-04-16T21:54:18","date_gmt":"2021-04-16T19:54:18","guid":{"rendered":"https:\/\/zjarr.tv\/?p=178083"},"modified":"2021-04-16T21:54:18","modified_gmt":"2021-04-16T19:54:18","slug":"kertusha-ps-e-kapur-nga-nje-grup-i-vogel-ne-durres-jane-kthyer-te-fortet","status":"publish","type":"post","link":"https:\/\/zjarr.tv\/sq\/kertusha-ps-e-kapur-nga-nje-grup-i-vogel-ne-durres-jane-kthyer-te-fortet\/","title":{"rendered":"K\u00ebrtusha: PS e kapur nga nj\u00eb grup i vog\u00ebl, n\u00eb Durr\u00ebs jan\u00eb kthyer t\u00eb fort\u00ebt"},"content":{"rendered":"<p style=\"text-align: left;\">\nN\u00eb nj\u00eb intervist\u00eb p\u00ebr ZJARR TV, ish socialiste Ardit K\u00ebrtusha u shpreh se PS ka qen\u00eb p\u00ebrfaq\u00ebsuar gjithmon\u00eb nga intelektual\u00ebt, por sot nuk ka nj\u00eb lider ose nj\u00eb intelektual q\u00eb tashm\u00eb t\u00eb rinjt\u00eb ta ken\u00eb si nj\u00eb mit, sipas tij kjo parti tashm\u00eb \u00ebsht\u00eb kapur<\/p>\n<p>\u201cKy kalim nuk ishte fare i kollajt\u00eb, por p\u00ebrtej vetes time si individ, un\u00eb ndodhem p\u00ebrball\u00eb faktit q\u00eb aty nuk d\u00ebgjohej. Aty nuk t\u00eb d\u00ebgjonte askush, edhe pse kjo parti \u00ebsht\u00eb nj\u00eb aset komb\u00ebtar. N\u00eb \u00e7do takim apo dalje timen, problemi q\u00eb kam parashtruar ka qen\u00eb kapja e k\u00ebsaj partie. Rama ka krijuar lidhjet e veta kapilare dhe vendi drejtohet nga nj\u00eb grup i vog\u00ebl njer\u00ebzish. Ata jan\u00eb kthyer n\u00eb nj\u00eb sekt q\u00eb kan\u00eb shkat\u00ebrruar partin\u00eb socialiste. \u00cbsht\u00eb krijuar nj\u00eb frym\u00eb frik\u00eb. Ata q\u00eb kan\u00eb qen\u00eb figura t\u00eb vjetra jan\u00eb kthyer n\u00eb vegla t\u00eb pushtetit t\u00eb kryetarit t\u00eb partis\u00eb.\u201d<\/p>\n","protected":false},"excerpt":{"rendered":"<p>N\u00eb nj\u00eb intervist\u00eb p\u00ebr ZJARR TV, ish socialiste Ardit K\u00ebrtusha u shpreh se PS ka qen\u00eb p\u00ebrfaq\u00ebsuar gjithmon\u00eb nga intelektual\u00ebt, por sot nuk ka nj\u00eb lider ose nj\u00eb intelektual q\u00eb tashm\u00eb t\u00eb rinjt\u00eb ta ken\u00eb si nj\u00eb mit, sipas tij kjo parti tashm\u00eb \u00ebsht\u00eb kapur \u201cKy kalim nuk ishte fare i kollajt\u00eb, por p\u00ebrtej vetes [&hellip;]<\/p>\n","protected":false},"author":2031,"featured_media":178084,"comment_status":"closed","ping_status":"closed","sticky":false,"template":"","format":"standard","meta":{"footnotes":""},"categories":[200],"tags":[2459,2271,329],"class_list":{"0":"post-178083","1":"post","2":"type-post","3":"status-publish","4":"format-standard","5":"has-post-thumbnail","7":"category-shkruaje-ne-akull","8":"tag-ardit-kertusha","9":"tag-shkruaje-ne-akull","10":"tag-zjarr-tv"},"_links":{"self":[{"href":"https:\/\/zjarr.tv\/sq\/wp-json\/wp\/v2\/posts\/178083","targetHints":{"allow":["GET"]}}],"collection":[{"href":"https:\/\/zjarr.tv\/sq\/wp-json\/wp\/v2\/posts"}],"about":[{"href":"https:\/\/zjarr.tv\/sq\/wp-json\/wp\/v2\/types\/post"}],"author":[{"embeddable":true,"href":"https:\/\/zjarr.tv\/sq\/wp-json\/wp\/v2\/users\/2031"}],"replies":[{"embeddable":true,"href":"https:\/\/zjarr.tv\/sq\/wp-json\/wp\/v2\/comments?post=178083"}],"version-history":[{"count":0,"href":"https:\/\/zjarr.tv\/sq\/wp-json\/wp\/v2\/posts\/178083\/revisions"}],"wp:featuredmedia":[{"embeddable":true,"href":"https:\/\/zjarr.tv\/sq\/wp-json\/wp\/v2\/media\/178084"}],"wp:attachment":[{"href":"https:\/\/zjarr.tv\/sq\/wp-json\/wp\/v2\/media?parent=178083"}],"wp:term":[{"taxonomy":"category","embeddable":true,"href":"https:\/\/zjarr.tv\/sq\/wp-json\/wp\/v2\/categories?post=178083"},{"taxonomy":"post_tag","embeddable":true,"href":"https:\/\/zjarr.tv\/sq\/wp-json\/wp\/v2\/tags?post=178083"}],"curies":[{"name":"wp","href":"https:\/\/api.w.org\/{rel}","templated":true}]}}