{"id":178086,"date":"2021-04-16T22:38:12","date_gmt":"2021-04-16T20:38:12","guid":{"rendered":"https:\/\/zjarr.tv\/?p=178086"},"modified":"2021-04-16T22:38:12","modified_gmt":"2021-04-16T20:38:12","slug":"kertusha-ps-ka-krijuar-grupe-kriminale-qe-do-te-merren-me-vota","status":"publish","type":"post","link":"https:\/\/zjarr.tv\/sq\/kertusha-ps-ka-krijuar-grupe-kriminale-qe-do-te-merren-me-vota\/","title":{"rendered":"K\u00ebrtusha: PS ka krijuar grupe kriminale qe do te merren me vota"},"content":{"rendered":"<p>N\u00eb nj\u00eb intervist\u00eb p\u00ebr ZJARR TV, Ardit K\u00ebrtusha i cili beri buje me kthimin e tij ne Partine Demokratike u shpreh se sot vota merret me \u00e7far\u00ebdolloj \u00e7mimi.<br \/>\n\u201cKa vet\u00ebm pazare politike dhe biznesmen\u00eb q\u00eb e p\u00ebrdorin pushtetin politik p\u00ebr interesat e tyre private. N\u00eb Durr\u00ebs \u00ebsht\u00eb kthyer n\u00eb grupe t\u00eb fort\u00ebsh q\u00eb jan\u00eb futur n\u00eb zyrat elektorale. Sot ka persona q\u00eb thon\u00eb se do t\u00eb krijohen lidhje me grupet kriminale dhe do t\u00eb merren vota. Sot vota merret me \u00e7far\u00ebdolloj \u00e7mimi\u201d<\/p>\n<p>Tashm\u00eb n\u00eb PS figura kryesore kan\u00eb ardhur nga kulti i servilosjes dhe q\u00eb nuk kan\u00eb integritet dhe shtrirje n\u00eb baz\u00eb. PS ka an\u00ebtar\u00ebsin\u00eb m\u00eb t\u00eb vog\u00ebl, i mban shtabet elektorale me t\u00eb pun\u00ebsuar. N\u00eb Durr\u00ebs situata \u00ebsht\u00eb shum\u00eb e zymt\u00eb sepse t\u00ebrmeti dhe pandemia ishin goditje shum\u00eb t\u00eb r\u00ebnda. Atij qyteti i \u00ebsht\u00eb z\u00ebn\u00eb fyti. Ka persona q\u00eb u kojn\u00eb q\u00eb t\u00eb heqin dor\u00eb nga puna e tyre dhe t\u00eb evidentojn\u00eb elektoralin gri p\u00ebr zgjedhjet. K\u00ebto do t\u00eb jen\u00eb arsyet q\u00eb do t\u00eb b\u00ebjn\u00eb q\u00eb PS t\u00eb ket\u00eb nj\u00eb humbje t\u00eb thell\u00eb n\u00eb Durr\u00ebs.\u201d<\/p>\n","protected":false},"excerpt":{"rendered":"<p>N\u00eb nj\u00eb intervist\u00eb p\u00ebr ZJARR TV, Ardit K\u00ebrtusha i cili beri buje me kthimin e tij ne Partine Demokratike u shpreh se sot vota merret me \u00e7far\u00ebdolloj \u00e7mimi. \u201cKa vet\u00ebm pazare politike dhe biznesmen\u00eb q\u00eb e p\u00ebrdorin pushtetin politik p\u00ebr interesat e tyre private. N\u00eb Durr\u00ebs \u00ebsht\u00eb kthyer n\u00eb grupe t\u00eb fort\u00ebsh q\u00eb jan\u00eb futur [&hellip;]<\/p>\n","protected":false},"author":2031,"featured_media":178087,"comment_status":"closed","ping_status":"closed","sticky":false,"template":"","format":"standard","meta":{"footnotes":""},"categories":[200],"tags":[],"class_list":{"0":"post-178086","1":"post","2":"type-post","3":"status-publish","4":"format-standard","5":"has-post-thumbnail","7":"category-shkruaje-ne-akull"},"_links":{"self":[{"href":"https:\/\/zjarr.tv\/sq\/wp-json\/wp\/v2\/posts\/178086","targetHints":{"allow":["GET"]}}],"collection":[{"href":"https:\/\/zjarr.tv\/sq\/wp-json\/wp\/v2\/posts"}],"about":[{"href":"https:\/\/zjarr.tv\/sq\/wp-json\/wp\/v2\/types\/post"}],"author":[{"embeddable":true,"href":"https:\/\/zjarr.tv\/sq\/wp-json\/wp\/v2\/users\/2031"}],"replies":[{"embeddable":true,"href":"https:\/\/zjarr.tv\/sq\/wp-json\/wp\/v2\/comments?post=178086"}],"version-history":[{"count":0,"href":"https:\/\/zjarr.tv\/sq\/wp-json\/wp\/v2\/posts\/178086\/revisions"}],"wp:featuredmedia":[{"embeddable":true,"href":"https:\/\/zjarr.tv\/sq\/wp-json\/wp\/v2\/media\/178087"}],"wp:attachment":[{"href":"https:\/\/zjarr.tv\/sq\/wp-json\/wp\/v2\/media?parent=178086"}],"wp:term":[{"taxonomy":"category","embeddable":true,"href":"https:\/\/zjarr.tv\/sq\/wp-json\/wp\/v2\/categories?post=178086"},{"taxonomy":"post_tag","embeddable":true,"href":"https:\/\/zjarr.tv\/sq\/wp-json\/wp\/v2\/tags?post=178086"}],"curies":[{"name":"wp","href":"https:\/\/api.w.org\/{rel}","templated":true}]}}