{"id":178089,"date":"2021-04-17T08:29:55","date_gmt":"2021-04-17T06:29:55","guid":{"rendered":"https:\/\/zjarr.tv\/?p=178089"},"modified":"2021-04-17T08:30:14","modified_gmt":"2021-04-17T06:30:14","slug":"basha-mesazh-socialisteve-kemi-te-gjithe-nje-mision-do-te-jem-kryeminister-i-te-gjitheve","status":"publish","type":"post","link":"https:\/\/zjarr.tv\/sq\/basha-mesazh-socialisteve-kemi-te-gjithe-nje-mision-do-te-jem-kryeminister-i-te-gjitheve\/","title":{"rendered":"Basha mesazh socialist\u00ebve: Kemi t\u00eb gjith\u00eb nj\u00eb mision, do t\u00eb jem Kryeminist\u00ebr i t\u00eb gjith\u00ebve\u2026"},"content":{"rendered":"<p>Mbr\u00ebmjen e djeshme, Lulzim Basha kishte nj\u00eb thirrje p\u00ebr t\u00eb gjith\u00eb socialist\u00ebt. Ai tha se misioni \u00ebsht\u00eb i p\u00ebrbashk\u00ebt dhe t\u00eb gjith\u00eb jemi nj\u00eb familje, duke i garantuar se n\u00ebse i jepet besimi, do t\u00eb jet\u00eb Kryeminist\u00ebr i t\u00eb gjith\u00ebve, pa dallim.<\/p>\n<p>\u201c<em>Ju jeni motrat dhe v\u00ebllez\u00ebrit tan\u00eb, ne jemi nj\u00eb komb, nj\u00eb familje, ne p\u00ebrballemi me t\u00eb nj\u00ebjta probleme, ne t\u00eb gjith\u00eb bashk\u00eb kemi nj\u00eb mision, nj\u00eb d\u00ebshir\u00eb, nj\u00eb aspirat\u00eb, ta b\u00ebjm\u00eb t\u00eb ardhmen e f\u00ebmij\u00ebve tan\u00eb m\u00eb t\u00eb mir\u00eb. Un\u00eb ju garantoj se do t\u00eb jem kryeminist\u00ebr i t\u00eb gjith\u00eb shqiptar\u00ebve. Ne do t\u00eb kujdesimi p\u00ebr t\u00eb gjith\u00eb<\/em>\u201d tha ai.<\/p>\n<p>Lideri demokrat njoftoi se nes\u00ebr, do t\u00eb ket\u00eb nj\u00eb tur t\u00eb gjat\u00eb nga Saranda n\u00eb Tropoj\u00eb. \u201c<em>Jam rrug\u00ebs p\u00ebr n\u00eb Sarand\u00eb dhe nes\u00ebr do t\u00eb nis nj\u00eb tur nga Saranda. Do t\u00eb vazhdoj\u00eb nga Jugu n\u00eb Veri, nga Sarand\u00eb n\u00eb Tropoj\u00eb. \u00cbsht\u00eb di\u00e7ka q\u00eb mezi po e pres, do t\u00eb jet\u00eb nj\u00eb dit\u00eb shum\u00eb e gjat\u00eb por do t\u00eb jet\u00eb shum\u00eb e bukur<\/em>\u201d u shpreh Basha.<\/p>\n<p>&nbsp;<\/p>\n","protected":false},"excerpt":{"rendered":"<p>Mbr\u00ebmjen e djeshme, Lulzim Basha kishte nj\u00eb thirrje p\u00ebr t\u00eb gjith\u00eb socialist\u00ebt. Ai tha se misioni \u00ebsht\u00eb i p\u00ebrbashk\u00ebt dhe t\u00eb gjith\u00eb jemi nj\u00eb familje, duke i garantuar se n\u00ebse i jepet besimi, do t\u00eb jet\u00eb Kryeminist\u00ebr i t\u00eb gjith\u00ebve, pa dallim. \u201cJu jeni motrat dhe v\u00ebllez\u00ebrit tan\u00eb, ne jemi nj\u00eb komb, nj\u00eb familje, ne [&hellip;]<\/p>\n","protected":false},"author":2016,"featured_media":178091,"comment_status":"closed","ping_status":"closed","sticky":false,"template":"","format":"standard","meta":{"footnotes":""},"categories":[241,1454],"tags":[2460],"class_list":{"0":"post-178089","1":"post","2":"type-post","3":"status-publish","4":"format-standard","5":"has-post-thumbnail","7":"category-aktualitet","8":"category-politike","9":"tag-lajme-zjarr-basha-kemi-te-gjithe-nje-mision-zjarr-tv"},"_links":{"self":[{"href":"https:\/\/zjarr.tv\/sq\/wp-json\/wp\/v2\/posts\/178089","targetHints":{"allow":["GET"]}}],"collection":[{"href":"https:\/\/zjarr.tv\/sq\/wp-json\/wp\/v2\/posts"}],"about":[{"href":"https:\/\/zjarr.tv\/sq\/wp-json\/wp\/v2\/types\/post"}],"author":[{"embeddable":true,"href":"https:\/\/zjarr.tv\/sq\/wp-json\/wp\/v2\/users\/2016"}],"replies":[{"embeddable":true,"href":"https:\/\/zjarr.tv\/sq\/wp-json\/wp\/v2\/comments?post=178089"}],"version-history":[{"count":0,"href":"https:\/\/zjarr.tv\/sq\/wp-json\/wp\/v2\/posts\/178089\/revisions"}],"wp:featuredmedia":[{"embeddable":true,"href":"https:\/\/zjarr.tv\/sq\/wp-json\/wp\/v2\/media\/178091"}],"wp:attachment":[{"href":"https:\/\/zjarr.tv\/sq\/wp-json\/wp\/v2\/media?parent=178089"}],"wp:term":[{"taxonomy":"category","embeddable":true,"href":"https:\/\/zjarr.tv\/sq\/wp-json\/wp\/v2\/categories?post=178089"},{"taxonomy":"post_tag","embeddable":true,"href":"https:\/\/zjarr.tv\/sq\/wp-json\/wp\/v2\/tags?post=178089"}],"curies":[{"name":"wp","href":"https:\/\/api.w.org\/{rel}","templated":true}]}}