{"id":178099,"date":"2021-04-17T09:05:19","date_gmt":"2021-04-17T07:05:19","guid":{"rendered":"https:\/\/zjarr.tv\/?p=178099"},"modified":"2021-04-17T09:05:46","modified_gmt":"2021-04-17T07:05:46","slug":"bozo-dhe-como-votoni-ramen-qe-shqiperia-te-buzeqeshe-sepse-ps-ka-kontribuar-qe-te-shtohet-numri-i-lindjeve","status":"publish","type":"post","link":"https:\/\/zjarr.tv\/sq\/bozo-dhe-como-votoni-ramen-qe-shqiperia-te-buzeqeshe-sepse-ps-ka-kontribuar-qe-te-shtohet-numri-i-lindjeve\/","title":{"rendered":"Bozo dhe \u00c7omo: Votoni Ram\u00ebn q\u00eb Shqip\u00ebria t\u00eb buz\u00ebqesh\u00eb, sepse PS ka kontribuar q\u00eb t\u00eb shtohet numri i lindjeve\u2026"},"content":{"rendered":"<p>Luljeta Bozo dhe Najada \u00c7omo, kryesuese t\u00eb list\u00ebs s\u00eb PS-s\u00eb n\u00eb Tiran\u00eb, kan\u00eb b\u00ebr\u00eb thirrje, q\u00eb t\u00eb votohet PS dhe Kryeministri Edi Rama.<\/p>\n<p>\u00c7omo, tha se grat\u00eb shquhen nga men\u00e7uria dhe se i duhet dh\u00ebn\u00eb vota Ram\u00ebs, p\u00ebr \u00a0nj\u00eb qeveri q\u00eb shqip\u00ebria t\u00eb buz\u00ebqesh\u00eb.<\/p>\n<p><strong>\u00c7omo:<\/strong>\u00a0<em>Ne t\u00eb gjith\u00eb grat\u00eb shquhemi nga men\u00e7uria dhe durim p\u00ebr t\u00eb b\u00ebr\u00eb gj\u00ebra t\u00eb mira. N\u00eb em\u00ebr t\u00eb gjith\u00eb stafeve mjek\u00ebsore jap suportin dhe mb\u00ebshtetjen time maksimale. T\u2019i japim kryeministrit Rama vot\u00ebn p\u00ebr qeverin\u00eb e re, p\u00ebr t\u00eb b\u00ebr\u00eb Shqip\u00ebrin\u00eb t\u00eb buz\u00ebqesh\u00eb.<\/em><\/p>\n<p>Nd\u00ebrsa kandidatja Luljeta Bozo, tha se PS \u00ebsht\u00eb forc\u00eb q\u00eb beson fort n\u00eb misionin ve\u00e7ant\u00eb q\u00eb ka gruaja dhe se ka kontribuar q\u00eb t\u00eb shtohet numri i lindjeve, e q\u00eb t\u00eb mos plaket kombi.<\/p>\n<p><strong>Bozo:<\/strong>\u00a0<em>Ne motra dhe shoqe jemi gjysma e shoq\u00ebris\u00eb. PS \u00ebsht\u00eb e vetmja forc\u00eb q\u00eb beson n\u00eb forc\u00ebn ton\u00eb jo me fjal\u00eb por me vepra. B\u00ebri t\u00eb mundur q\u00eb n\u00eb parlamentin ton\u00eb t\u00eb ket\u00eb nj\u00eb kuot\u00eb p\u00ebrfaq\u00ebsimi nga gra dhe vajza. N\u00eb qeverisje ka kaq shum\u00eb gra ministre. Ka nd\u00ebrmarr\u00eb gjith\u00eb ato politika leht\u00ebsuese p\u00ebr gra dhe vajza q\u00eb duan t\u00eb futen n\u00eb tregun e pun\u00ebs. \u00cbsht\u00eb kjo forc\u00eb q\u00eb beson fort n\u00eb misionin ve\u00e7ant\u00eb q\u00eb ka gruaja. Ka kontribuar q\u00eb t\u00eb shtohet numri i lindjeve q\u00eb t\u00eb mos plaket kombi. Ju ftoj q\u00eb t\u00eb dalim t\u00eb gjitha n\u00eb votime dhe t\u00eb votojn\u00eb p\u00ebr PS.<\/em><\/p>\n","protected":false},"excerpt":{"rendered":"<p>Luljeta Bozo dhe Najada \u00c7omo, kryesuese t\u00eb list\u00ebs s\u00eb PS-s\u00eb n\u00eb Tiran\u00eb, kan\u00eb b\u00ebr\u00eb thirrje, q\u00eb t\u00eb votohet PS dhe Kryeministri Edi Rama. \u00c7omo, tha se grat\u00eb shquhen nga men\u00e7uria dhe se i duhet dh\u00ebn\u00eb vota Ram\u00ebs, p\u00ebr \u00a0nj\u00eb qeveri q\u00eb shqip\u00ebria t\u00eb buz\u00ebqesh\u00eb. \u00c7omo:\u00a0Ne t\u00eb gjith\u00eb grat\u00eb shquhemi nga men\u00e7uria dhe durim p\u00ebr t\u00eb [&hellip;]<\/p>\n","protected":false},"author":2016,"featured_media":178101,"comment_status":"closed","ping_status":"closed","sticky":false,"template":"","format":"standard","meta":{"footnotes":""},"categories":[241,1454],"tags":[2463],"class_list":{"0":"post-178099","1":"post","2":"type-post","3":"status-publish","4":"format-standard","5":"has-post-thumbnail","7":"category-aktualitet","8":"category-politike","9":"tag-lajme-zjarr-bozo-dhe-como-votoni-ramen-zjarr-tv"},"_links":{"self":[{"href":"https:\/\/zjarr.tv\/sq\/wp-json\/wp\/v2\/posts\/178099","targetHints":{"allow":["GET"]}}],"collection":[{"href":"https:\/\/zjarr.tv\/sq\/wp-json\/wp\/v2\/posts"}],"about":[{"href":"https:\/\/zjarr.tv\/sq\/wp-json\/wp\/v2\/types\/post"}],"author":[{"embeddable":true,"href":"https:\/\/zjarr.tv\/sq\/wp-json\/wp\/v2\/users\/2016"}],"replies":[{"embeddable":true,"href":"https:\/\/zjarr.tv\/sq\/wp-json\/wp\/v2\/comments?post=178099"}],"version-history":[{"count":0,"href":"https:\/\/zjarr.tv\/sq\/wp-json\/wp\/v2\/posts\/178099\/revisions"}],"wp:featuredmedia":[{"embeddable":true,"href":"https:\/\/zjarr.tv\/sq\/wp-json\/wp\/v2\/media\/178101"}],"wp:attachment":[{"href":"https:\/\/zjarr.tv\/sq\/wp-json\/wp\/v2\/media?parent=178099"}],"wp:term":[{"taxonomy":"category","embeddable":true,"href":"https:\/\/zjarr.tv\/sq\/wp-json\/wp\/v2\/categories?post=178099"},{"taxonomy":"post_tag","embeddable":true,"href":"https:\/\/zjarr.tv\/sq\/wp-json\/wp\/v2\/tags?post=178099"}],"curies":[{"name":"wp","href":"https:\/\/api.w.org\/{rel}","templated":true}]}}