{"id":178107,"date":"2021-04-17T09:29:16","date_gmt":"2021-04-17T07:29:16","guid":{"rendered":"https:\/\/zjarr.tv\/?p=178107"},"modified":"2021-04-17T09:29:16","modified_gmt":"2021-04-17T07:29:16","slug":"basha-flet-nga-saranda-sot-nis-rrugetimi-anembane-vendit-te-behemi-bashke-per-te-bere-te-mundur-ndryshimin","status":"publish","type":"post","link":"https:\/\/zjarr.tv\/sq\/basha-flet-nga-saranda-sot-nis-rrugetimi-anembane-vendit-te-behemi-bashke-per-te-bere-te-mundur-ndryshimin\/","title":{"rendered":"Basha flet nga Saranda: Sot nis rrug\u00ebtimi anemban\u00eb vendit, t\u00eb b\u00ebhemi bashk\u00eb p\u00ebr t\u00eb b\u00ebr\u00eb t\u00eb mundur ndryshimin\u2026"},"content":{"rendered":"<p>Dit\u00ebn e sotme, kreu i Partis\u00eb Demokratike Lulzim Basha, e ka nisur \u00a0turin e tij elektoral nga Saranda. P\u00ebrpara mb\u00ebsht\u00ebsve demokrat\u00eb, Basha tha se sot nis nj\u00eb dit\u00eb e ve\u00e7ant\u00eb.Kryedemokrati, u shpreh se do t\u00eb jet\u00eb sot n\u00eb 9 qytete t\u00eb Shqip\u00ebris\u00eb, ku do t\u00eb k\u00ebrkoj\u00eb t\u00eb votojn\u00eb numrin 9.<\/p>\n<p>\u201c<em>Mir\u00ebm\u00ebngjes nga perla e Mesdheut. Saranda e bukur e shpres\u00ebs e bujaris\u00eb. Sot \u00ebsht\u00eb nj\u00eb dit\u00eb e ve\u00e7ant\u00eb ku nis sot rrug\u00ebtimi nga Saranda, sot do t\u00eb jem n\u00eb 9 qytete t\u00eb Shqip\u00ebris\u00eb, 9 p\u00ebr ndryshim. Nga Saranda, n\u00eb Tropoj\u00eb, anemban\u00eb vendit aty ku entuziazmi p\u00ebr ndryshim \u00ebsht\u00eb i jasht\u00ebzakonsh\u00ebm. Dit\u00ebn q\u00eb do t\u00eb nis\u00eb jav\u00ebn drejt s\u00eb diel\u00ebs s\u00eb 25 prillit ku fitorja do t\u2019i takoj\u00eb \u00e7do shqiptari. <\/em><em>Dielli i Srand\u00ebs nuk do t\u00eb jet\u00eb m\u00eb vet\u00ebm fakt i natyr\u00ebs, me vot\u00eb ata do t\u00eb sjellin 300 dit\u00eb ekonomi dhe mir\u00ebq\u00ebnie.<\/em><\/p>\n<p><em>E kan\u00eb l\u00ebn\u00eb p\u00ebr tet\u00eb vite rrug\u00ebn Kardhiq Delvin\u00eb pa mbaruar. Energjia ka problemet e saj, q\u00eb d\u00ebmton ekonomit\u00eb sarandiote. Tet\u00eb vite nuk ka b\u00ebr\u00eb asgj\u00eb dhe tani d\u00ebshtimi po troket prap n\u00eb der\u00ebn tuaj dhe k\u00ebrkon edhe kat\u00ebr vite t\u00eb tjera. nuk do tja hapim der\u00ebn d\u00ebshtimit. M\u00eb 25 prill do t\u00eb zgjedhim ndryshimin,<\/em> tha Basha. Kreu i demokrat\u00ebve, refuzoi edhe nj\u00ebher\u00eb k\u00ebt\u00eb m\u00ebngjes ftes\u00ebn e Kryeministrit Edi Rama p\u00ebr bashk\u00ebpunim. Basha tha se koha e tij ka mbaruar dhe shqiptar\u00ebt do ta largojn\u00eb me vot\u00eb.<\/p>\n<p><em> \u201cK\u00ebrkon t\u00eb b\u00ebhet pjes\u00eb e qeveris\u00eb son\u00eb. P\u00ebrgjigja ime \u00ebsht\u00eb jo. Koha jote ka mbaruar, p\u00ebr tet\u00eb vite me radh\u00eb nuk b\u00ebre asgj\u00eb p\u00ebr shqiptar\u00ebt. Tet\u00eb vite d\u00ebshtime nuk ka m\u00eb koh\u00eb p\u00ebr Edi Ram\u00ebn, me 25 prill e largojm\u00eb me vot\u00eb. T\u00eb gjith\u00eb e kan\u00eb kuptuar edhe socialist\u00ebt, nuk ka ndryshim pa e larguar Edi Ram\u00ebn. Le t\u00eb b\u00ebhemi t\u00eb gjith\u00eb bashk\u00eb dhe t\u00eb b\u00ebjm\u00eb t\u00eb mundur ndryshimin p\u00ebr \u00e7do shqiptar. Votoni numrin 9 p\u00ebr ndryshimi dhe t\u00eb ardhmen. Qeveria e dal\u00eb nga vota juaj do t\u00eb jet\u00eb e t\u00eb gjith\u00eb shqiptar\u00ebve. Qeveria brenda 100 dit\u00ebve te para do te hap\u00eb negociatat. Nuk ka dhe nuk mund t\u00eb ket\u00eb asnj\u00eb ndryshim se t\u00eb gjith\u00eb bashk\u00eb ne do tja dalim ta ndryshojm\u00eb k\u00ebt\u00eb realitet vet\u00ebm duke votuar numrin 9,\u201d<\/em>\u00a0tha Basha.<\/p>\n<p>&nbsp;<\/p>\n","protected":false},"excerpt":{"rendered":"<p>Dit\u00ebn e sotme, kreu i Partis\u00eb Demokratike Lulzim Basha, e ka nisur \u00a0turin e tij elektoral nga Saranda. P\u00ebrpara mb\u00ebsht\u00ebsve demokrat\u00eb, Basha tha se sot nis nj\u00eb dit\u00eb e ve\u00e7ant\u00eb.Kryedemokrati, u shpreh se do t\u00eb jet\u00eb sot n\u00eb 9 qytete t\u00eb Shqip\u00ebris\u00eb, ku do t\u00eb k\u00ebrkoj\u00eb t\u00eb votojn\u00eb numrin 9. \u201cMir\u00ebm\u00ebngjes nga perla e Mesdheut. [&hellip;]<\/p>\n","protected":false},"author":2016,"featured_media":178109,"comment_status":"closed","ping_status":"closed","sticky":false,"template":"","format":"standard","meta":{"footnotes":""},"categories":[241,1454],"tags":[2465],"class_list":{"0":"post-178107","1":"post","2":"type-post","3":"status-publish","4":"format-standard","5":"has-post-thumbnail","7":"category-aktualitet","8":"category-politike","9":"tag-lajme-zjarr-basha-flet-nga-saranda-zjarr-tv"},"_links":{"self":[{"href":"https:\/\/zjarr.tv\/sq\/wp-json\/wp\/v2\/posts\/178107","targetHints":{"allow":["GET"]}}],"collection":[{"href":"https:\/\/zjarr.tv\/sq\/wp-json\/wp\/v2\/posts"}],"about":[{"href":"https:\/\/zjarr.tv\/sq\/wp-json\/wp\/v2\/types\/post"}],"author":[{"embeddable":true,"href":"https:\/\/zjarr.tv\/sq\/wp-json\/wp\/v2\/users\/2016"}],"replies":[{"embeddable":true,"href":"https:\/\/zjarr.tv\/sq\/wp-json\/wp\/v2\/comments?post=178107"}],"version-history":[{"count":0,"href":"https:\/\/zjarr.tv\/sq\/wp-json\/wp\/v2\/posts\/178107\/revisions"}],"wp:featuredmedia":[{"embeddable":true,"href":"https:\/\/zjarr.tv\/sq\/wp-json\/wp\/v2\/media\/178109"}],"wp:attachment":[{"href":"https:\/\/zjarr.tv\/sq\/wp-json\/wp\/v2\/media?parent=178107"}],"wp:term":[{"taxonomy":"category","embeddable":true,"href":"https:\/\/zjarr.tv\/sq\/wp-json\/wp\/v2\/categories?post=178107"},{"taxonomy":"post_tag","embeddable":true,"href":"https:\/\/zjarr.tv\/sq\/wp-json\/wp\/v2\/tags?post=178107"}],"curies":[{"name":"wp","href":"https:\/\/api.w.org\/{rel}","templated":true}]}}